{"id":3724,"date":"2026-04-23T16:58:40","date_gmt":"2026-04-23T19:58:40","guid":{"rendered":"https:\/\/zattasports.com\/?p=3724"},"modified":"2026-02-23T18:22:33","modified_gmt":"2026-02-23T21:22:33","slug":"shein-moda-urbana-estilos-que-conectam-geracoes","status":"publish","type":"post","link":"https:\/\/zattasports.com\/hu\/shein-moda-urbana-estilos-que-conectam-geracoes\/","title":{"rendered":"Shein v\u00e1rosi divat: St\u00edlusok, amelyek \u00f6sszek\u00f6tik a gener\u00e1ci\u00f3kat"},"content":{"rendered":"<p>Shein csatlakozik <b>v\u00e1rosi divat<\/b> A brazil k\u00f6z\u00f6ns\u00e9g soksz\u00edn\u0171s\u00e9g\u00e9vel platformjuk j\u00f3 \u00e1rakat \u00e9s gyors megjelen\u00e9seket \u00f6tv\u00f6z. Ez\u00e1ltal el\u00e9rhet\u0151v\u00e9 v\u00e1lnak az utcai viselet trendjei \u00e9s az \u00e9rettebb st\u00edlusok.<\/p>\n<p>A <b>v\u00e1rosi divat<\/b> A Shein gener\u00e1ci\u00f3kat egyes\u00edt, a t\u00falm\u00e9retezett pul\u00f3verekt\u0151l a modern midi ruh\u00e1kig. Kapcsolatokat teremt egy\u00fcttm\u0171k\u00f6d\u00e9seken \u00e9s kamp\u00e1nyokon kereszt\u00fcl, amelyek \u00f6sszehozz\u00e1k a fiatalokat \u00e9s az id\u0151seket.<\/p>\n<p>A Sheint 2008-ban alap\u00edtott\u00e1k Nanjing v\u00e1ros\u00e1ban, \u00e9s t\u00f6bb mint 220 orsz\u00e1gban van jelen. <b>kiszervezett termel\u00e9s<\/b> Az adatokra \u00f6sszpontos\u00edtva gyorsan reag\u00e1l a trendekre. Ez a sz\u00f6veg seg\u00edt a brazil fogyaszt\u00f3knak meg\u00e9rteni a st\u00edlusokat \u00e9s a kamp\u00e1nyokat. Emellett a felel\u0151s v\u00e1s\u00e1rl\u00e1si d\u00f6nt\u00e9sekr\u0151l is sz\u00f3l, egyens\u00falyt teremtve a divat \u00e9s a tudatoss\u00e1g k\u00f6z\u00f6tt.<\/p>\n<h2>Shein v\u00e1rosi divat: \u00e1ttekint\u00e9s \u00e9s relevancia Braz\u00edli\u00e1ban<\/h2>\n<p>A Shein digit\u00e1lis marketingj\u00e9vel, h\u00edress\u00e9geket felvonultat\u00f3 kamp\u00e1nyaival \u00e9s helyi egy\u00fcttm\u0171k\u00f6d\u00e9seivel v\u00e1lt ismertt\u00e9 Braz\u00edli\u00e1ban. Emellett felhaszn\u00e1l\u00f3bar\u00e1t weboldalba \u00e9s alkalmaz\u00e1sba, valamint hat\u00e9kony logisztik\u00e1ba is befektetnek. Ez magyar\u00e1zza a Shein gyors n\u00f6veked\u00e9s\u00e9t az orsz\u00e1gban.<\/p>\n<p>A hat\u00e1sa a <b>v\u00e1rosi divat<\/b> A darabok sz\u00e9les v\u00e1laszt\u00e9k\u00e1b\u00f3l \u00e9s az \u00e1lland\u00f3 megjelen\u00e9sekb\u0151l sz\u00e1rmazik. A kollekci\u00f3k mind a fiatal, mind az id\u0151sebb k\u00f6z\u00f6ns\u00e9get kiszolg\u00e1lj\u00e1k. Ez teszi a Sheint fontos m\u00e1rk\u00e1v\u00e1 a v\u00e1rosi divatban.<\/p>\n<p>Az olyan influenszerekkel val\u00f3 egy\u00fcttm\u0171k\u00f6d\u00e9s, mint Mirella Santos, valamint a Giovanna Ewbank \u00e9s T\u00edti f\u0151szerepl\u00e9s\u00e9vel k\u00e9sz\u00fclt kamp\u00e1nyok er\u0151s\u00edtik a k\u00f6z\u00f6ns\u00e9ggel val\u00f3 kapcsolatot. Ezek a strat\u00e9gi\u00e1k jav\u00edtj\u00e1k a Z gener\u00e1ci\u00f3 \u00e9s a millenniumi gener\u00e1ci\u00f3 el\u00e9r\u00e9s\u00e9t, t\u00f6bb online l\u00e1togat\u00e1st \u00e9s elad\u00e1st eredm\u00e9nyezve.<\/p>\n<p>A Shein \u00fczleti modellje a B2C e-kereskedelem \u00e9s a <b>kiszervezett termel\u00e9s<\/b> \u00e9s sz\u00e1mos min\u0151s\u00e9gi besz\u00e1ll\u00edt\u00f3t\u00f3l. Technol\u00f3gi\u00e1ja lehet\u0151v\u00e9 teszi a st\u00edlusok gyors l\u00e9trehoz\u00e1s\u00e1t \u00e9s m\u00f3dos\u00edt\u00e1s\u00e1t az \u00e9rt\u00e9kes\u00edt\u00e9si adatok alapj\u00e1n.<\/p>\n<p>Logisztikai \u00e9s partnerprogramjaik nagyban seg\u00edtik brazil m\u0171k\u00f6d\u00e9s\u00fcket. A gyors sz\u00e1ll\u00edt\u00e1s, a non-stop \u00fcgyf\u00e9lszolg\u00e1lat \u00e9s az alacsony \u00e1rak t\u00f6bb v\u00e1s\u00e1rl\u00f3t vonzanak. Ez er\u0151s\u00edti a Shein jelenl\u00e9t\u00e9t a v\u00e1rosi divatban \u00e9s felgyors\u00edtja n\u00f6veked\u00e9s\u00e9t Braz\u00edli\u00e1ban.<\/p>\n<ul>\n<li>A digit\u00e1lis marketing \u00e9s a region\u00e1lis egy\u00fcttm\u0171k\u00f6d\u00e9sek el\u0151seg\u00edtik az ismerts\u00e9get.<\/li>\n<li>Kiterjedt katal\u00f3gusel\u00e9r\u00e9s <b>Z gener\u00e1ci\u00f3s k\u00f6z\u00f6ns\u00e9g<\/b> e <b>ezer\u00e9ves<\/b> gener\u00e1ci\u00f3kon \u00e1t\u00edvel\u0151 st\u00edlusokkal.<\/li>\n<li>A technol\u00f3giai platform \u00e9s a logisztika garant\u00e1lja a gyorsabb bevezet\u00e9st <b>e-kereskedelmi divat<\/b>.<\/li>\n<\/ul>\n<h2>Kamp\u00e1nyok \u00e9s egy\u00fcttm\u0171k\u00f6d\u00e9sek, amelyek \u00f6sszek\u00f6tik any\u00e1t \u00e9s l\u00e1ny\u00e1t: Giovanna Ewbank \u00e9s T\u00edti esete.<\/h2>\n<p>A Shein any\u00e1k napi kamp\u00e1nya, Giovanna Ewbank \u00e9s T\u00edti f\u0151szerepl\u00e9s\u00e9vel, 2025. \u00e1prilis 7-\u00e9n indult. A kamp\u00e1nyt a Shein \u00e9s az influencer k\u00f6z\u00f6ss\u00e9gi m\u00e9di\u00e1j\u00e1n n\u00e9pszer\u0171s\u00edtett\u00e9k. A kamp\u00e1ny koncepci\u00f3ja a \u201cGener\u00e1ci\u00f3kat \u00f6sszek\u00f6t\u0151 st\u00edlus\u201d, \u00e9s az anya \u00e9s l\u00e1nya k\u00f6z\u00f6tti k\u00f6tel\u00e9ket mutatja be.<\/p>\n<h3>Az Any\u00e1k napi 2025-\u00f6s kamp\u00e1ny \u00e1ttekint\u00e9se<\/h3>\n<p>A Shein 100 darabot dobott piacra ehhez a kamp\u00e1nyhoz. 60 darabot Giovanna Ewbank boh\u00e9m-chic st\u00edlus\u00e1ban alkottak, olyan sz\u00edneket haszn\u00e1lva, mint a mokka mousse. A m\u00e1sik 40 darab T\u00edti fiatalos st\u00edlus\u00e1t t\u00fckr\u00f6zi, r\u00f3zsasz\u00edn \u00e9s semleges \u00e1rnyalatokat haszn\u00e1lva, amelyek \u00f6sszhangban vannak \u00e9desanyja st\u00edlus\u00e1val.<\/p>\n<h3>A gy\u0171jtem\u00e9ny eszt\u00e9tik\u00e1ja \u00e9s v\u00e1logat\u00e1sa<\/h3>\n<p>A kur\u00e1tori munka sor\u00e1n anya \u00e9s l\u00e1nya szem\u00e9lyes st\u00edlus\u00e1t t\u00fckr\u00f6zt\u00e9k. K\u00f6nny\u0171 anyagokat, laza fazonokat \u00e9s visszafogott mint\u00e1kat v\u00e1lasztottak. \u00cdgy a Sheinnel val\u00f3 egy\u00fcttm\u0171k\u00f6d\u00e9s \u00f6tv\u00f6zte a feln\u0151tt st\u00edlust a Z gener\u00e1ci\u00f3 nyelvezet\u00e9vel.<\/p>\n<h3>Az influencer kamp\u00e1nyok hat\u00e1sa<\/h3>\n<p>T\u00edti akt\u00edv szerepet j\u00e1tszott a darabok kiv\u00e1laszt\u00e1s\u00e1ban, hiteless\u00e9get k\u00f6lcs\u00f6n\u00f6zve nekik. A kamp\u00e1ny Giovanna Ewbank n\u00e9pszer\u0171s\u00e9g\u00e9t haszn\u00e1lta ki a figyelemfelkelt\u00e9sre. Egy\u00fctt mutatt\u00e1k be a... <b>Anya \u00e9s l\u00e1nya gy\u0171jtem\u00e9ny<\/b>.<\/p>\n<ul>\n<li>Technikai adatok: Rafael Reis fot\u00f3i; vide\u00f3: Ant\u00f4nio Netto \u00e9s Camille Brazz; az Uno Filmes gy\u00e1rt\u00e1sa; rendezte Ant\u00f4nio Netto.<\/li>\n<li>St\u00edlus \u00e9s smink: Debora Ewbank \u00e9s Cleide Ara\u00fajo, a sokoldal\u00fa csal\u00e1di megjelen\u00e9sre \u00f6sszpontos\u00edtva.<\/li>\n<li>Prom\u00f3ci\u00f3: a SHEINGIO kupon 10% vagy 20% kedvezm\u00e9nyt k\u00edn\u00e1l, maxim\u00e1lisan 200,00 R$ kedvezm\u00e9nnyel.<\/li>\n<li>Hivatalos nyilatkozat: Fernanda Jacob, a Shein marketingmenedzsere kijelentette, hogy a Shein divategy\u00fcttm\u0171k\u00f6d\u00e9sei kulcsfontoss\u00e1g\u00faak ahhoz, hogy a m\u00e1rka k\u00f6z\u00f6ns\u00e9ge kapcsolatba ker\u00fclj\u00f6n a h\u00edress\u00e9gekkel.<\/li>\n<\/ul>\n<p>A Shein any\u00e1k napi kamp\u00e1nya vide\u00f3kat \u00e9s fot\u00f3kat haszn\u00e1lt a figyelemfelkelt\u00e9sre. Ez seg\u00edtett p\u00e1rbesz\u00e9det ind\u00edtani a k\u00f6vet\u0151k k\u00f6z\u00f6tt, \u00e9s meger\u0151s\u00edtette Giovanna Ewbank \u00e9s T\u00edti st\u00edlusos \u00e9s rokonszenves im\u00e1zs\u00e1t.<\/p>\n<h2>Gener\u00e1ci\u00f3kon \u00e1t\u00edvel\u0151 v\u00e1rosi st\u00edlusok: trendek \u00e9s kulcsdarabok.<\/h2>\n<p>A Shein olyan v\u00e1rosi divatot k\u00edn\u00e1l, amely egyes\u00edti a gener\u00e1ci\u00f3kat. Leg\u00fajabb kollekci\u00f3ik az eleganci\u00e1t egy csipetnyi l\u00e1zad\u00e1ssal \u00f6tv\u00f6zik. A ruh\u00e1k t\u00f6bbf\u00e9le sz\u00ednben kaphat\u00f3k, a semlegest\u0151l az \u00e9l\u00e9nkig, \u00e9s k\u00f6nnyen viselhet\u0151k.<\/p>\n<\/p>\n<h3>F\u00f6ldt\u00f3nusok \u00e9s boh\u00e9m sikkes st\u00edlus feln\u0151tt k\u00f6z\u00f6ns\u00e9gnek.<\/h3>\n<p>A Shein boh\u00e9m sikkes st\u00edlusa k\u00e9nyelmes, finom r\u00e9szletekkel d\u00edsz\u00edtett ruh\u00e1kat k\u00edn\u00e1l. A sz\u00ednek k\u00f6z\u00f6tt olyan \u00e1rnyalatok szerepelnek, mint a mokka \u00e9s a homoksz\u00edn, amelyek t\u00f6k\u00e9letesek a h\u00e9tk\u00f6znapi vagy eleg\u00e1nsabb megjelen\u00e9shez. Ezek a darabok a k\u00e9nyelmet \u00e9s a st\u00edlust \u00f6tv\u00f6zik, \u00e9s mindennapi viseletre tervezt\u00e9k \u0151ket.<\/p>\n<\/p>\n<h3>A Z gener\u00e1ci\u00f3 kedvenc darabjai \u00e9s sz\u00ednei<\/h3>\n<p>A Z gener\u00e1ci\u00f3s divat l\u00e9nyege, hogy \u00e9l\u00e9nk sz\u00ednekkel fejezd ki magad. Shein ezt a hangulatot r\u00f3zsasz\u00edn, neon \u00e9s... darabokkal ragadta meg. <b>f\u00f6ldsz\u00edn\u0171ek<\/b>. A mint\u00e1k vid\u00e1mak, a ruh\u00e1kat pedig \u00fagy tervezt\u00e9k, hogy rugalmasak legyenek, el\u0151seg\u00edtve az eredetis\u00e9get.<\/p>\n<\/p>\n<h3>Midi ruh\u00e1k \u00e9s m\u00e1s n\u00e9pszer\u0171 trendek<\/h3>\n<p>A midi ruh\u00e1k a Shein egy\u00fcttm\u0171k\u00f6d\u00e9seinek alapvet\u0151 darabjai. K\u00fcl\u00f6nb\u00f6z\u0151 anyagokb\u00f3l, p\u00e9ld\u00e1ul farmerb\u0151l, \u00e9s t\u00f6bb m\u00e9retben kaphat\u00f3k. Nem csak ruh\u00e1kr\u00f3l van sz\u00f3; szokny\u00e1kr\u00f3l \u00e9s PU dzsekikr\u0151l is, amelyek mindennapi viseletre alkalmasak.<\/p>\n<ul>\n<li>Sokoldal\u00fas\u00e1g: a sok elemet tartalmaz\u00f3 gy\u0171jtem\u00e9nyek v\u00e1ltozatos rutinokat fednek le.<\/li>\n<li>Region\u00e1lis identit\u00e1s: Brazil utal\u00e1sok jelennek meg a kiv\u00e1g\u00e1sokon \u00e9s nyomatokon.<\/li>\n<li>Tartalmazza: a leg\u00fajabb kiad\u00e1sok kib\u0151v\u00edtett m\u00e9retekkel \u00e9s st\u00edlusokkal rendelkeznek.<\/li>\n<\/ul>\n<h2>Hogyan alak\u00edtja \u00e1t a Shein a termel\u00e9st \u00e9s az \u00e1raz\u00e1st a megfizethet\u0151 v\u00e1rosi divat \u00e9rdek\u00e9ben?<\/h2>\n<p>A Shein gyors logisztik\u00e1t \u00e9s \u00e1rk\u00e9pz\u00e9si strat\u00e9gi\u00e1kat alkalmaz. Ez\u00e1ltal v\u00e1rosi ruh\u00e1zati term\u00e9kei folyamatosan megfizethet\u0151ek maradnak. Sikere a besz\u00e1ll\u00edt\u00f3k, a technol\u00f3gia \u00e9s a prom\u00f3ci\u00f3 kombin\u00e1ci\u00f3j\u00e1nak k\u00f6sz\u00f6nhet\u0151. Ez lehet\u0151v\u00e9 teszi a term\u00e9kek gyors bevezet\u00e9s\u00e9t \u00e9s a brazil fogyaszt\u00f3k sz\u00e1m\u00e1ra sz\u00e1mos lehet\u0151s\u00e9g k\u00edn\u00e1l\u00e1s\u00e1t.<\/p>\n<\/p>\n<h3>Termel\u00e9si modell \u00e9s ell\u00e1t\u00e1si l\u00e1nc<\/h3>\n<p>A Shein hat\u00e9kony ell\u00e1t\u00e1si l\u00e1ncon kereszt\u00fcl folyamatosan \u00faj divatcikkeket sz\u00e1ll\u00edt. Kiszervez\u00e9s r\u00e9v\u00e9n t\u00f6bb sz\u00e1z gy\u00e1rral \u00e1ll kapcsolatban. Ez ler\u00f6vid\u00edti a term\u00e9k l\u00e9trehoz\u00e1s\u00e1t\u00f3l az online \u00e9rt\u00e9kes\u00edt\u00e9sig eltelt id\u0151t.<\/p>\n<p>K\u00fcl\u00f6nb\u00f6z\u0151 orsz\u00e1gokban tal\u00e1lhat\u00f3 disztrib\u00faci\u00f3s k\u00f6zpontokat haszn\u00e1l, hogy t\u00f6bb mint 220 piacot \u00e9rjen el. Ez a szervezet cs\u00f6kkenti a k\u00f6lts\u00e9geket, \u00e9s lehet\u0151v\u00e9 teszi, hogy sokf\u00e9le term\u00e9ket k\u00edn\u00e1ljon.<\/p>\n<\/p>\n<h3>\u00c1rk\u00e9pz\u00e9si \u00e9s prom\u00f3ci\u00f3s strat\u00e9gi\u00e1k<\/h3>\n<p>A Shein alacsony term\u00e9kenk\u00e9nti haszonkulccsal m\u0171k\u00f6dik, amit az \u00e9rt\u00e9kes\u00edt\u00e9si volumennel kompenz\u00e1l. Az olyan taktik\u00e1k, mint az ingyenes sz\u00e1ll\u00edt\u00e1s minim\u00e1lis v\u00e1s\u00e1rl\u00e1s ut\u00e1n \u00e9s a kuponok, a nagyobb v\u00e1s\u00e1rl\u00e1sok \u00f6szt\u00f6nz\u00e9s\u00e9re szolg\u00e1lnak.<\/p>\n<p>A profitjuk nemcsak az elad\u00e1sokb\u00f3l sz\u00e1rmazik, hanem a sz\u00e1ll\u00edt\u00e1si d\u00edjakb\u00f3l, a partners\u00e9gekb\u0151l, a hirdet\u00e9sekb\u0151l \u00e9s a k\u00fcl\u00f6nleges prom\u00f3ci\u00f3kb\u00f3l is. Ezek a strat\u00e9gi\u00e1k an\u00e9lk\u00fcl n\u00f6velik a bev\u00e9telt, hogy az \u00fcgyfelek sz\u00e1m\u00e1ra emeln\u00e9k az \u00e1rakat.<\/p>\n<\/p>\n<h3>Big data haszn\u00e1lata \u00e9s gyakori term\u00e9kbevezet\u00e9sek<\/h3>\n<p>A big data haszn\u00e1lata lehet\u0151v\u00e9 teszi a Shein sz\u00e1m\u00e1ra, hogy gyorsan meg\u00e9rtse a trendeket \u00e9s a v\u00e1s\u00e1rl\u00f3i viselked\u00e9st. Ez seg\u00edt elker\u00fclni a t\u00falzott k\u00e9szleteket, \u00e9s gyorsan d\u00f6nt\u00e9seket hozni arr\u00f3l, hogy mely term\u00e9keket tartsa meg vagy t\u00e1vol\u00edtsa el.<\/p>\n<p>Az adatelemz\u00e9s \u00e9s a gyorstesztel\u00e9s lehet\u0151v\u00e9 teszi a Shein sz\u00e1m\u00e1ra, hogy szinte minden nap \u00faj term\u00e9keket dobjon piacra. Ez a felgyorsult temp\u00f3 jellemz\u0151 a fast fashionra, \u00e9s biztos\u00edtja, hogy az \u00faj term\u00e9kek mindig megfizethet\u0151 \u00e1ron el\u00e9rhet\u0151k legyenek.<\/p>\n<h2>Felel\u0151ss\u00e9g, kritika \u00e9s fenntarthat\u00f3 cselekv\u00e9s<\/h2>\n<p>A v\u00e1rosi divat a m\u00e1rk\u00e1k \u00e9s az emberek v\u00e1s\u00e1rl\u00e1si szok\u00e1sainak felel\u0151ss\u00e9g\u00e9t is mag\u00e1ban foglalja. A gyors termel\u00e9si modell k\u00e9rd\u00e9seket vet fel a k\u00f6rnyezeti hat\u00e1saival kapcsolatban. A fogyaszt\u00f3k \u00e9s a szak\u00e9rt\u0151k t\u00f6bb tiszt\u00e1nl\u00e1t\u00e1st szeretn\u00e9nek a kock\u00e1zatok \u00e9s a fejleszt\u00e9sek meg\u00e9rt\u00e9s\u00e9hez.<\/p>\n<p>Az \u00e1gazat olyan probl\u00e9m\u00e1kkal k\u00fczd, mint a t\u00falzott k\u00e9szletgazd\u00e1lkod\u00e1s \u00e9s a magas sz\u00e9n-dioxid-kibocs\u00e1t\u00e1s. A gy\u0171jtem\u00e9nyek magas fluktu\u00e1ci\u00f3ja miatt folyamatos kritika \u00e9ri. Ez befoly\u00e1solja, hogyan l\u00e1tjuk az olyan v\u00e1llalatok t\u00e1rsadalmi felel\u0151ss\u00e9gv\u00e1llal\u00e1s\u00e1t, mint a Shein.<\/p>\n<p>Bizonyos javul\u00e1sok jelennek meg a jelent\u00e9sekben \u00e9s a konkr\u00e9t int\u00e9zked\u00e9sekben. A Shein c\u00e9lokat t\u0171z ki a kibocs\u00e1t\u00e1sok cs\u00f6kkent\u00e9s\u00e9re \u00e9s a logisztika jav\u00edt\u00e1s\u00e1ra. Tart\u00f3s anyagokba \u00e9s textil-\u00fajrahasznos\u00edt\u00e1sba fektetnek be.<\/p>\n<p>A szak\u00e9rt\u0151k hangs\u00falyozz\u00e1k a val\u00f3di fenntarthat\u00f3s\u00e1ghoz sz\u00fcks\u00e9ges egy\u00e9rtelm\u0171 m\u00e9r\u0151sz\u00e1mok \u00e9s auditok fontoss\u00e1g\u00e1t. Ezek n\u00e9lk\u00fcl a tettek csup\u00e1n l\u00e1tszatnak t\u0171nhetnek. Az \u00e1tl\u00e1that\u00f3s\u00e1g elengedhetetlen a fogyaszt\u00f3i bizalom elnyer\u00e9s\u00e9hez.<\/p>\n<p>A fogyaszt\u00f3k fontos szerepet j\u00e1tszanak ebben a folyamatban. Az egyszer\u0171 cselekv\u00e9sek \u00f6tv\u00f6zik a st\u00edlust \u00e9s a felel\u0151ss\u00e9get. Ez mag\u00e1ban foglalja a tov\u00e1bb tart\u00f3 ruh\u00e1k kiv\u00e1laszt\u00e1s\u00e1t, \u00e9s a jav\u00edt\u00e1sok el\u0151nyben r\u00e9szes\u00edt\u00e9s\u00e9t a kidob\u00e1s helyett.<\/p>\n<ul>\n<li>Fontos, hogy kevesebbet \u00e9s tudatosabban v\u00e1s\u00e1roljunk.<\/li>\n<li>Haszn\u00e1ld ki az akci\u00f3kat an\u00e9lk\u00fcl, hogy gyors megsemmis\u00edt\u00e9st n\u00e9pszer\u0171s\u00edten\u00e9l.<\/li>\n<li>Ismerje meg a Shein t\u00e1rsadalmi felel\u0151ss\u00e9gv\u00e1llal\u00e1s\u00e1t \u00e9s egy\u00e9b jelent\u00e9seit.<\/li>\n<li>A ruh\u00e1k \u00e1pol\u00e1sa, hogy tov\u00e1bb tartsanak.<\/li>\n<\/ul>\n<p>A ruh\u00e1zat \u00e9letciklus\u00e1nak meg\u00e9rt\u00e9se seg\u00edt a jobb d\u00f6nt\u00e9sek meghozatal\u00e1ban. A brazil fogyaszt\u00f3k j\u00f3 \u00e1rakat tal\u00e1lhatnak an\u00e9lk\u00fcl, hogy fel\u00e1ldozn\u00e1k a fenntarthat\u00f3 gyakorlatokat. Ez fenntarthat\u00f3bb v\u00e1rosi ruhat\u00e1rhoz \u00e9s egy olyan divatiparhoz vezet, amely kev\u00e9sb\u00e9 k\u00e1ros a k\u00f6rnyezetre.<\/p>\n<h2>K\u00f6vetkeztet\u00e9s<\/h2>\n<p>A Shein jellegzetes kollekci\u00f3ival \u00e9s figyelemre m\u00e9lt\u00f3 egy\u00fcttm\u0171k\u00f6d\u00e9seivel egyes\u00edti a gener\u00e1ci\u00f3kat Braz\u00edli\u00e1ban. A kiemelked\u0151 esem\u00e9nyek k\u00f6z\u00e9 tartoznak a Giovanna Ewbankkal \u00e9s a T\u00edtivel k\u00f6z\u00f6s kamp\u00e1nyok, valamint a Mirella Santosszal k\u00f6t\u00f6tt partners\u00e9gek. Ezek a kezdem\u00e9nyez\u00e9sek j\u00f3l mutatj\u00e1k a divategy\u00fcttm\u0171k\u00f6d\u00e9sek erej\u00e9t az orsz\u00e1gban, mind a feln\u0151tteket, mind a Z gener\u00e1ci\u00f3t vonzva.<\/p>\n<p>A big data haszn\u00e1lata \u00e9s az \u00faj term\u00e9kek felgyorsult \u00fcteme lehet\u0151v\u00e9 teszi a m\u00e1rka sz\u00e1m\u00e1ra, hogy alacsony \u00e1rakat \u00e9s sz\u00e1mos lehet\u0151s\u00e9get k\u00edn\u00e1ljon. A fast fashion vil\u00e1g\u00e1ban azonban a m\u00e1rka tov\u00e1bbra is jelent\u0151s kih\u00edv\u00e1sokkal n\u00e9z szembe a fenntarthat\u00f3s\u00e1g \u00e9s a t\u00e1rsadalmi felel\u0151ss\u00e9gv\u00e1llal\u00e1s ter\u00e9n.<\/p>\n<p>A brazil divat tudatos \u00e9lvezet\u00e9hez v\u00e1lassz sokoldal\u00fa darabokat, p\u00e9ld\u00e1ul a... <b>f\u00f6ldsz\u00edn\u0171ek<\/b>, Boh\u00e9m st\u00edlus\u00fa \u00e9s midi ruh\u00e1k eset\u00e9n mindig ellen\u0151rizd a darabok \u00f6sszet\u00e9tel\u00e9t, l\u00e9gy k\u00f6r\u00fcltekint\u0151 a hullad\u00e9kkezel\u00e9ssel, \u00e9s haszn\u00e1ld ki okosan az akci\u00f3kat. Haszn\u00e1ld a SHEINGIO prom\u00f3ci\u00f3s k\u00f3dot, gondosan \u00e1tgondolva a st\u00edlusodat \u00e9s a k\u00f6rnyezeti felel\u0151ss\u00e9gedet.<\/p>","protected":false},"excerpt":{"rendered":"<p>A Shein conecta moda urbana com diferentes p\u00fablicos no Brasil. Vemos sua plataforma combinando pre\u00e7os bons e lan\u00e7amentos r\u00e1pidos. Isso torna as&#8230;<\/p>","protected":false},"author":6,"featured_media":3725,"comment_status":"open","ping_status":"open","sticky":false,"template":"","format":"standard","meta":{"footnotes":""},"categories":[23],"tags":[2169,2167,717,2168],"class_list":["post-3724","post","type-post","status-publish","format-standard","has-post-thumbnail","hentry","category-apps","tag-estilos-de-moda-contemporanea","tag-moda-urbana-shein","tag-roupas-shein","tag-tendencias-de-moda-urbana","entry"],"_links":{"self":[{"href":"https:\/\/zattasports.com\/hu\/wp-json\/wp\/v2\/posts\/3724","targetHints":{"allow":["GET"]}}],"collection":[{"href":"https:\/\/zattasports.com\/hu\/wp-json\/wp\/v2\/posts"}],"about":[{"href":"https:\/\/zattasports.com\/hu\/wp-json\/wp\/v2\/types\/post"}],"author":[{"embeddable":true,"href":"https:\/\/zattasports.com\/hu\/wp-json\/wp\/v2\/users\/6"}],"replies":[{"embeddable":true,"href":"https:\/\/zattasports.com\/hu\/wp-json\/wp\/v2\/comments?post=3724"}],"version-history":[{"count":1,"href":"https:\/\/zattasports.com\/hu\/wp-json\/wp\/v2\/posts\/3724\/revisions"}],"predecessor-version":[{"id":3726,"href":"https:\/\/zattasports.com\/hu\/wp-json\/wp\/v2\/posts\/3724\/revisions\/3726"}],"wp:featuredmedia":[{"embeddable":true,"href":"https:\/\/zattasports.com\/hu\/wp-json\/wp\/v2\/media\/3725"}],"wp:attachment":[{"href":"https:\/\/zattasports.com\/hu\/wp-json\/wp\/v2\/media?parent=3724"}],"wp:term":[{"taxonomy":"category","embeddable":true,"href":"https:\/\/zattasports.com\/hu\/wp-json\/wp\/v2\/categories?post=3724"},{"taxonomy":"post_tag","embeddable":true,"href":"https:\/\/zattasports.com\/hu\/wp-json\/wp\/v2\/tags?post=3724"}],"curies":[{"name":"wp","href":"https:\/\/api.w.org\/{rel}","templated":true}]}}