{"id":318,"date":"2024-05-29T22:41:00","date_gmt":"2024-05-30T01:41:00","guid":{"rendered":"https:\/\/zattasports.com\/pt_br\/?p=318"},"modified":"2026-08-26T16:45:02","modified_gmt":"2026-08-26T19:45:02","slug":"calendario-dos-jogos-olimpicos-quais-as-datas-principais","status":"publish","type":"post","link":"https:\/\/zattasports.com\/hu\/calendario-dos-jogos-olimpicos-quais-as-datas-principais\/","title":{"rendered":"Olimpiai J\u00e1t\u00e9kok Napt\u00e1ra: Melyek a legfontosabb d\u00e1tumok?"},"content":{"rendered":"<p class=\"wp-block-paragraph\">Izgatottan k\u00e9sz\u00fclsz a 2024-es p\u00e1rizsi olimpiai j\u00e1t\u00e9kokra? Bonyolult lehet nyomon k\u00f6vetni ennek a nagyszer\u0171 esem\u00e9nynek minden r\u00e9szlet\u00e9t, de ne agg\u00f3dj, mi itt vagyunk, hogy seg\u00edts\u00fcnk! N\u00e9zd meg az olimpiai j\u00e1t\u00e9kok napt\u00e1r\u00e1t: Melyek a legfontosabb d\u00e1tumok? Fedezz\u00fck fel egy\u00fctt a fontos d\u00e1tumokat, a menetrendv\u00e1ltoz\u00e1sokat \u00e9s az \u00faj sport\u00e1gakat. K\u00e9sz\u00fclj fel az id\u0151pontok be\u00fctemez\u00e9s\u00e9re, \u00e9s szurkolj kedvenc sportol\u00f3idnak!<\/p>\n\n\n\n<h2 class=\"wp-block-heading\">Mi a 2024-es p\u00e1rizsi olimpiai j\u00e1t\u00e9kok menetrendje?<\/h2>\n\n\n\n<p class=\"wp-block-paragraph\">A 2024-es p\u00e1rizsi olimpiai j\u00e1t\u00e9kok izgalmas esem\u00e9nyekkel telnek, minden sport\u00e1ghoz k\u00fcl\u00f6n d\u00e1tumok \u00e9s id\u0151pontok tartoznak. N\u00e9zz\u00fck meg a legfontosabb d\u00e1tumokat.<\/p>\n\n\n\n<h3 class=\"wp-block-heading\">Fontos d\u00e1tumok az esem\u00e9nyhez<\/h3>\n\n\n\n<p class=\"wp-block-paragraph\">A 2024-es p\u00e1rizsi olimpiai j\u00e1t\u00e9kok menetrendj\u00e9nek pontos meghat\u00e1roz\u00e1s\u00e1hoz \u00edme n\u00e9h\u00e1ny fontos d\u00e1tum:<\/p>\n\n\n\n<ul class=\"wp-block-list\">\n<li><br><p><strong>2024. j\u00falius 26., p\u00e9ntek:<\/strong> Megnyit\u00f3 \u00fcnneps\u00e9g. Ekkor vonul fel a k\u00fcl\u00f6nb\u00f6z\u0151 orsz\u00e1gokb\u00f3l \u00e9rkez\u0151 sportol\u00f3k, \u00e9s hivatalosan is megkezdik a j\u00e1t\u00e9kokat.<\/p><br><\/li>\n\n\n\n<li><br><p><strong>2024. augusztus 11., vas\u00e1rnap:<\/strong> Z\u00e1r\u00f3\u00fcnneps\u00e9g. A versenyek v\u00e9g\u00e9t jelzi, az olimpiai eredm\u00e9nyek \u00fcnnepl\u00e9se.<\/p><br><\/li>\n<\/ul>\n\n\n\n<h3 class=\"wp-block-heading\">F\u0151bb v\u00e1ltoz\u00e1sok az olimpiai j\u00e1t\u00e9kok menetrendj\u00e9ben<\/h3>\n\n\n\n<p class=\"wp-block-paragraph\">Az olimpiai j\u00e1t\u00e9kok menetrendj\u00e9ben vannak figyelemre m\u00e9lt\u00f3 v\u00e1ltoz\u00e1sok a kor\u00e1bbi kiad\u00e1sokhoz k\u00e9pest. Egy p\u00e9lda erre az \u00faj sport\u00e1gak bevezet\u00e9se \u00e9s egyes versenyek id\u0151pontjainak m\u00f3dos\u00edt\u00e1sa, a nagyobb befogad\u00f3k\u00e9pess\u00e9g \u00e9s a dinamikusabb menetrend \u00e9rdek\u00e9ben.<\/p>\n\n\n\n<h3 class=\"wp-block-heading\">\u00daj sport\u00e1gak ker\u00fcltek fel a napt\u00e1rba.<\/h3>\n\n\n\n<p class=\"wp-block-paragraph\">A 2024-es p\u00e1rizsi olimpi\u00e1n olyan sport\u00e1gak is szerepelni fognak, amelyek \u00edg\u00e9retesen tov\u00e1bb n\u00f6velik az olimpia ir\u00e1nti \u00e9rdekl\u0151d\u00e9st. Az \u00faj sport\u00e1gak k\u00f6z\u00f6tt szerepelnek:<\/p>\n\n\n\n<ul class=\"wp-block-list\">\n<li><br><p><strong>Breakdance:<\/strong> <\/p><br><\/li>\n\n\n\n<li><br><p><strong>G\u00f6rdeszka:<\/strong> <\/p><br><\/li>\n\n\n\n<li><br><p><strong>Sportm\u00e1sz\u00e1s:<\/strong><\/p><br><\/li>\n<\/ul>\n\n\n\n<p class=\"wp-block-paragraph\">Ez a diverzifik\u00e1ci\u00f3 egy k\u00eds\u00e9rlet arra, hogy egy fiatalabb \u00e9s soksz\u00edn\u0171bb k\u00f6z\u00f6ns\u00e9get vonzzon. Teh\u00e1t jegyezd fel a napt\u00e1radba, \u00e9s ne maradj le egyetlen r\u00e9szletr\u0151l sem!<\/p>\n\n\n\n<p class=\"wp-block-paragraph\">A teljes \u00e9s r\u00e9szletes menetrend megtekint\u00e9s\u00e9hez l\u00e1togasson el a 2024-es p\u00e1rizsi olimpiai j\u00e1t\u00e9kok hivatalos menetrendj\u00e9re.<\/p>\n\n\n\n<h2 class=\"wp-block-heading\">Melyek az olimpiai j\u00e1t\u00e9kok legfontosabb esem\u00e9nyd\u00e1tumai?<\/h2>\n\n\n\n<p class=\"wp-block-paragraph\">Ha izgatottan v\u00e1rod a 2024-es p\u00e1rizsi olimpiai j\u00e1t\u00e9kokat, \u00e9s szeretn\u00e9l mindent megszervezni, hogy ne maradj le egyetlen fontos pillanatr\u00f3l sem, itt vannak azok a d\u00e1tumok, amelyeket \u00e9rdemes bejel\u00f6ln\u00f6d a napt\u00e1radba. <\/p>\n\n\n\n<p class=\"wp-block-paragraph\"><strong>2024. j\u00falius 24.:<\/strong> A f\u00e9rfi labdar\u00fag\u00f3-torna nyolc m\u00e9rk\u0151z\u00e9ssel kezd\u0151dik d\u00e9lut\u00e1n 3:00 \u00e9s 23:00 \u00f3ra k\u00f6z\u00f6tt. Igen, ez m\u00e1r a legelej\u00e9t\u0151l egy futballmaraton lesz!<\/p>\n\n\n\n<p class=\"wp-block-paragraph\"><strong>2024. j\u00falius 25.:<\/strong> Az \u00edj\u00e1szat is k\u00f6zponti szerepet kap, a n\u0151i selejtez\u0151 9:30-t\u00f3l 12:30-ig, a f\u00e9rfiak\u00e9 pedig 14:15-t\u0151l 17:15-ig tart. <\/p>\n\n\n\n<p class=\"wp-block-paragraph\"><strong>2024. j\u00falius 27.:<\/strong> Ez egy adrenalinnal teli nap 14 arany\u00e9rem-versenysz\u00e1mmal. Tollaslabd\u00e1ban f\u00e9rfi, n\u0151i \u00e9s vegyes csoportm\u00e9rk\u0151z\u00e9sek lesznek h\u00e1rom k\u00fcl\u00f6nb\u00f6z\u0151 szekci\u00f3ban a nap folyam\u00e1n.<\/p>\n\n\n\n<p class=\"wp-block-paragraph\"><strong>2024. j\u00falius 28.:<\/strong> Egy \u00fajabb nap, 13 arany\u00e9rem-m\u00e9rk\u0151z\u00e9ssel. A f\u00e9nypont a n\u0151i csapat\u00edj\u00e1szat kies\u00e9ses \u00e9s \u00e9remd\u00f6nt\u0151i lesznek.<\/p>\n\n\n\n<p class=\"wp-block-paragraph\"><strong>2024. j\u00falius 29.:<\/strong> V\u00e1rhat\u00f3an s\u0171r\u0171 napra sz\u00e1m\u00edthatsz 18 arany\u00e9rem-versenysz\u00e1mmal. A f\u00e9rfi csapat\u00edj\u00e1szat egy igazi figyelemre m\u00e9lt\u00f3 esem\u00e9ny!<\/p>\n\n\n\n<p class=\"wp-block-paragraph\"><strong>\u00c9remnapok k\u00f6z\u00f6tti k\u00fcl\u00f6nbs\u00e9gek:<\/strong> Besz\u00e9ln\u00fcnk kell azokr\u00f3l a napokr\u00f3l, amikor a legt\u00f6bb \u00e9rmet osztott\u00e1k ki, p\u00e9ld\u00e1ul 2024. augusztus 2-\u00e1n, 23 arany\u00e9rem-versenysz\u00e1mmal, \u00e9s 2024. augusztus 3-\u00e1n, amikor 28 arany\u00e9rem-versenysz\u00e1mot rendeztek. \u00c9rmek mindenhol!<\/p>\n\n\n\n<p class=\"wp-block-paragraph\"><strong>Megnyit\u00f3 \u00e9s z\u00e1r\u00f3 \u00fcnneps\u00e9g:<\/strong> A megnyit\u00f3 2024. j\u00falius 26-\u00e1n, a z\u00e1r\u00e1s pedig 2024. augusztus 11-\u00e9n lesz. K\u00e9sz\u00fclj fel ezekre a l\u00e1tv\u00e1nyos d\u00e1tumokra, amelyek f\u00e9nyj\u00e1t\u00e9kot \u00e9s izgalmat \u00edg\u00e9rnek.<\/p>\n\n\n\n<p class=\"wp-block-paragraph\">Az olimpiai j\u00e1t\u00e9kok hivatalos programj\u00e1nak megtekint\u00e9s\u00e9hez l\u00e1togasson el a weboldalra. <a href=\"https:\/\/www.nbcolympics.com\/full-schedule\">a m\u00e9rk\u0151z\u00e9sek hivatalos menetrendje<\/a>.<\/p>\n\n\n\n<p class=\"wp-block-paragraph\">Most, hogy m\u00e1r k\u00e9pben vagy a fontos d\u00e1tumokkal, nincs m\u00e1s dolgod, mint ragadni egy kis pattogatott kukoric\u00e1t, \u00e9s \u00e9lvezni ezeket a t\u00f6rt\u00e9nelmi pillanatokat!<\/p>\n\n\n\n<h2 class=\"wp-block-heading\">Hogyan tudom \u00e9l\u0151ben n\u00e9zni az olimpiai j\u00e1t\u00e9kok k\u00f6zvet\u00edt\u00e9s\u00e9t?<\/h2>\n\n\n\n<p class=\"wp-block-paragraph\">Szeretn\u00e9d tudni, hogyan n\u00e9zheted \u00e9l\u0151ben az olimpiai j\u00e1t\u00e9kokat? A r\u00f6vid v\u00e1lasz: t\u00f6bb lehet\u0151s\u00e9g is van! A hivatalos \u00e9l\u0151 k\u00f6zvet\u00edt\u00e9si platformok olyan alkalmaz\u00e1sokat \u00e9s streaming szolg\u00e1ltat\u00e1sokat tartalmaznak, amelyek biztos\u00edtj\u00e1k, hogy ne maradj le kedvenc esem\u00e9nyeidr\u0151l.<\/p>\n\n\n\n<p class=\"wp-block-paragraph\">Az els\u0151 meg\u00e1ll\u00f3nak mindig a <strong>hivatalos weboldalak<\/strong> \u00e9s a hozz\u00e1juk tartoz\u00f3 mobilalkalmaz\u00e1sokat. Az NBC p\u00e9ld\u00e1ul sz\u00e9lesk\u00f6r\u0171 lefedetts\u00e9ggel rendelkezik. <a href=\"https:\/\/apps.apple.com\/us\/app\/olympics\/id808794344\">el\u00e9rhet\u0151<\/a> mind a weboldalukon, mind az alkalmaz\u00e1sukban, amely let\u00f6lthet\u0151 a mobileszk\u00f6z\u00f6k\u00f6n val\u00f3 egyszer\u0171 hozz\u00e1f\u00e9r\u00e9s \u00e9rdek\u00e9ben.<\/p>\n\n\n\n<p class=\"wp-block-paragraph\">A streamel\u00e9si lehet\u0151s\u00e9gek r\u00e9gi\u00f3nk\u00e9nt kiss\u00e9 elt\u00e9rhetnek. Braz\u00edli\u00e1ban p\u00e9ld\u00e1ul az olimpiai j\u00e1t\u00e9kok \u00e9l\u0151 k\u00f6zvet\u00edt\u00e9s\u00e9t \u00e1ltal\u00e1ban a Globo \u00e9s digit\u00e1lis platformjai biztos\u00edtj\u00e1k. Eur\u00f3p\u00e1ban az Eurosport biztos\u00edt r\u00e9szletes tud\u00f3s\u00edt\u00e1st. \u00c1zsi\u00e1ban pedig a Tencent Sports \u00e9s a CCTV k\u00f6zvet\u00edti az esem\u00e9nyek jelent\u0151s r\u00e9sz\u00e9t.<\/p>\n\n\n\n<p class=\"wp-block-paragraph\">Most pedig besz\u00e9lj\u00fcnk a k\u00f6lts\u00e9gekr\u0151l. Igen, fontos megjegyezni, hogy ezek k\u00f6z\u00fcl a streaming platformok k\u00f6z\u00fcl n\u00e9h\u00e1ny fizet\u0151s el\u0151fizet\u00e9st ig\u00e9nyelhet. P\u00e9ld\u00e1ul az NBC pr\u00e9mium szolg\u00e1ltat\u00e1st k\u00edn\u00e1l, amely hozz\u00e1f\u00e9r\u00e9st biztos\u00edt rekl\u00e1mmentes ad\u00e1sokhoz \u00e9s exkluz\u00edvabb tartalmakhoz. De ne agg\u00f3dj, mert sz\u00e1mos ingyenes lehet\u0151s\u00e9g is el\u00e9rhet\u0151, k\u00fcl\u00f6n\u00f6sen cs\u00facsid\u0151ben.<\/p>\n\n\n\n<p class=\"wp-block-paragraph\">Nem hagyhatjuk figyelmen k\u00edv\u00fcl a <strong>region\u00e1lis korl\u00e1toz\u00e1sok<\/strong> egyes streaming szolg\u00e1ltat\u00e1sok el\u0151\u00edrj\u00e1k. A k\u00f6zvet\u00edt\u00e9si jogok miatt el\u0151fordulhat, hogy egyes esem\u00e9nyek nem minden r\u00e9gi\u00f3ban \u00e9rhet\u0151k el. Ebben az esetben megold\u00e1st jelenthet a VPN-ek (virtu\u00e1lis mag\u00e1nh\u00e1l\u00f3zatok) haszn\u00e1lata olyan streamek el\u00e9r\u00e9s\u00e9hez, amelyek nem \u00e9rhet\u0151k el az \u00d6n r\u00e9gi\u00f3j\u00e1ban.<\/p>\n\n\n\n<h3 class=\"wp-block-heading\">K\u00f6vetkeztet\u00e9s<\/h3>\n\n\n\n<p class=\"wp-block-paragraph\">Az olimpiai j\u00e1t\u00e9kok \u00e9l\u0151 megtekint\u00e9se m\u00e9g soha nem volt ilyen egyszer\u0171, a r\u00e9gi\u00f3kban el\u00e9rhet\u0151 k\u00fcl\u00f6nf\u00e9le streamel\u00e9si lehet\u0151s\u00e9geknek k\u00f6sz\u00f6nhet\u0151en. Mindig ellen\u0151rizd a hivatalos platformokat, \u00e9s vedd figyelembe a region\u00e1lis k\u00f6lts\u00e9geket \u00e9s korl\u00e1toz\u00e1sokat. M\u00e1r csak a pattogatott kukoric\u00e1t kell el\u0151k\u00e9sz\u00edtened, \u00e9s j\u00f3 \u00e9tv\u00e1gyat!<\/p>\n\n\n\n<h2 class=\"wp-block-heading\">Mi az olimpiai j\u00e1t\u00e9kok napi programja?<\/h2>\n\n\n\n<p class=\"wp-block-paragraph\">Az olimpiai j\u00e1t\u00e9kok dinamikusan eloszlanak t\u00f6bb napra, \u00e9s k\u00fcl\u00f6nb\u00f6z\u0151 versenyek zajlanak egyszerre. Vizsg\u00e1ljuk meg, hogyan alakul ez a menetrend az olimpiai id\u0151szak alatt. <\/p>\n\n\n\n<h3 class=\"wp-block-heading\">R\u00e9szletes napirend<\/h3>\n\n\n\n<p class=\"wp-block-paragraph\">A r\u00e9szletes napi program k\u00f6vet\u00e9s\u00e9hez elengedhetetlen a folyamatos friss\u00edt\u00e9sek figyel\u00e9se. A P\u00e1rizs 2024 programja sz\u00e1mos strat\u00e9giailag elosztott esem\u00e9nyt tartalmaz. P\u00e9ld\u00e1ul:<\/p>\n\n\n\n<ul class=\"wp-block-list\">\n<li><br><p><strong>2024. j\u00falius 24., szerda:<\/strong> F\u00e9rfi labdar\u00fag\u00f3 csoportm\u00e9rk\u0151z\u00e9sek, 15:00 \u00e9s 23:00 \u00f3ra k\u00f6z\u00f6tt.<\/p><br><\/li>\n\n\n\n<li><br><p><strong>2024. j\u00falius 25., cs\u00fct\u00f6rt\u00f6k:<\/strong> \u00cdj\u00e1szat, a n\u0151i selejtez\u0151 09:30-t\u00f3l 12:30-ig, a f\u00e9rfiak pedig 14:15-t\u0151l 17:15-ig tart.<\/p><br><\/li>\n<\/ul>\n\n\n\n<h3 class=\"wp-block-heading\">Napi verseny \u00f6sszefoglal\u00f3<\/h3>\n\n\n\n<p class=\"wp-block-paragraph\">A napi kiemelt esem\u00e9nyek izgalmasak, \u00e9s sz\u00e1mos lehet\u0151s\u00e9get k\u00edn\u00e1lnak a sportesem\u00e9nyek nagyszer\u0171 pillanatainak megtekint\u00e9s\u00e9re:<\/p>\n\n\n\n<ul class=\"wp-block-list\">\n<li><br><p><strong>2024. j\u00falius 27., szombat:<\/strong> 14 arany\u00e9rem\u00e9rt rendezett versenysz\u00e1m! A tollaslabd\u00e1ban p\u00e9ld\u00e1ul h\u00e1rom szakaszban lesznek csoportm\u00e9rk\u0151z\u00e9sek: 08:30-12:00, 14:00-17:30 \u00e9s 19:30-23:00.<\/p><br><\/li>\n\n\n\n<li><br><p><strong>2024. j\u00falius 29., h\u00e9tf\u0151:<\/strong> 18 versenysz\u00e1mban rendeznek bajnoki c\u00edm\u00e9rt k\u00fczd\u0151 csapatokat. A f\u00e9rfi \u00edj\u00e1szcsapatok selejtez\u0151i 9:30 \u00e9s 11:05 k\u00f6z\u00f6tt, a csapatd\u00f6nt\u0151k pedig 14:15 \u00e9s 17:55 k\u00f6z\u00f6tt zajlanak.<\/p><br><\/li>\n<\/ul>\n\n\n\n<h3 class=\"wp-block-heading\">Utols\u00f3 pillanatban t\u00f6rt\u00e9nt v\u00e1ltoztat\u00e1sok a menetrendben.<\/h3>\n\n\n\n<p class=\"wp-block-paragraph\">A meglepet\u00e9sek elker\u00fcl\u00e9se \u00e9rdek\u00e9ben t\u00e1j\u00e9koz\u00f3djon a lehets\u00e9ges esem\u00e9nyekr\u0151l <strong>utols\u00f3 pillanatban v\u00e9grehajtott v\u00e1ltoztat\u00e1sok<\/strong>. Ezek id\u0151j\u00e1r\u00e1si t\u00e9nyez\u0151k vagy m\u00e1s el\u0151re nem l\u00e1that\u00f3 k\u00f6r\u00fclm\u00e9nyek miatt fordulhatnak el\u0151. Az \u00f6sszes inform\u00e1ci\u00f3t \u00e9s a v\u00e1ltoz\u00e1sokat k\u00f6zvetlen\u00fcl a [weboldal\/platform neve] oldalon tal\u00e1lja. <a href=\"https:\/\/olympics.com\/en\/paris-2024\/schedule\">hivatalos menetrend<\/a> az olimpiai j\u00e1t\u00e9kokr\u00f3l.<\/p>\n\n\n\n<p class=\"wp-block-paragraph\">A napi program k\u00f6vet\u00e9se elengedhetetlen, hogy elker\u00fclj\u00fck a versenyek fontos pillanatainak kihagy\u00e1s\u00e1t.<\/p>\n\n\n\n<h2 class=\"wp-block-heading\">Mikor vannak a versenyek cs\u00facsid\u0151szakai?<\/h2>\n\n\n\n<p class=\"wp-block-paragraph\">A 2024-es p\u00e1rizsi olimpiai j\u00e1t\u00e9kok cs\u00facsid\u0151szakai olyan pillanatok, amelyeket nem akarsz kihagyni. Kezdj\u00fck a... <strong>Megnyit\u00f3 \u00e9s z\u00e1r\u00f3 \u00fcnneps\u00e9g id\u0151pontjai<\/strong>. A megnyit\u00f3 \u00fcnneps\u00e9gre 2024. j\u00falius 26-\u00e1n, p\u00e9nteken ker\u00fcl sor. Jegyezz\u00e9tek fel a napt\u00e1rba, hogy ne maradjatok le a j\u00e1t\u00e9kok nyit\u00f3el\u0151ad\u00e1s\u00e1r\u00f3l!<\/p>\n\n\n\n<p class=\"wp-block-paragraph\">Most pedig arr\u00f3l, hogy <strong>a fontos versenyek d\u00f6nt\u0151inek menetrendjei<\/strong>. Vess\u00fcnk egy pillant\u00e1st a legjobban v\u00e1rt versenyekre:<\/p>\n\n\n\n<ul class=\"wp-block-list\">\n<li><strong>2024. j\u00falius 24.<\/strong>F\u00e9rfi labdar\u00fag\u00f3-m\u00e9rk\u0151z\u00e9sek, 15:00 \u00e9s 23:00 \u00f3ra k\u00f6z\u00f6tt.<\/li>\n\n\n\n<li><strong>2024. j\u00falius 27.<\/strong>14 arany\u00e9rmet ad\u00f3 versenysz\u00e1m, bele\u00e9rtve a tollaslabda m\u00e9rk\u0151z\u00e9seket h\u00e1rom fordul\u00f3ban (8:30-12:00, 14:00-17:30 \u00e9s 19:30-23:00).<\/li>\n\n\n\n<li><strong>2024. j\u00falius 29.<\/strong>18 versenysz\u00e1m arany\u00e9rmeket ad, amelyek k\u00f6z\u00fcl a kiemelked\u0151 a f\u00e9rfi \u00edj\u00e1szcsapatok versenye 9:30-t\u00f3l 17:55-ig.<\/li>\n\n\n\n<li><strong>2024. augusztus 3.<\/strong>28 arany\u00e9rmet ad\u00f3 versenysz\u00e1m, bele\u00e9rtve a n\u0151i \u00edj\u00e1szat selejtez\u0151it is.<\/li>\n<\/ul>\n\n\n\n<p class=\"wp-block-paragraph\">V\u00e9g\u00fcl, ha garant\u00e1lni akarod a <strong>a legjobb id\u0151pontok az esem\u00e9nyek megfigyel\u00e9s\u00e9re<\/strong>, \u00cdme n\u00e9h\u00e1ny kiemelt dolog:<\/p>\n\n\n\n<ul class=\"wp-block-list\">\n<li><strong>2024. augusztus 5.<\/strong>F\u00e9rfi \u00e9s n\u0151i p\u00e1rhuzamos korl\u00e1t \u00e9s gerenda m\u0171gimnasztikai d\u00f6nt\u0151i 11:45-t\u0151l 15:15-ig.<\/li>\n\n\n\n<li><strong>2024. augusztus 8.<\/strong>Fontos atl\u00e9tikai versenyek, mint p\u00e9ld\u00e1ul a f\u00e9rfi \u00e9s n\u0151i 4x100 m\u00e9teres v\u00e1lt\u00f3fut\u00e1s.<\/li>\n\n\n\n<li><strong>2024. augusztus 11.<\/strong>A n\u0151i maraton, amely reggel 8:00 \u00e9s 11:15 k\u00f6z\u00f6tt zajlik, lesz az atl\u00e9tikai versenyek nagyszab\u00e1s\u00fa fin\u00e1l\u00e9ja.<\/li>\n<\/ul>\n\n\n\n<p class=\"wp-block-paragraph\">Tartsd k\u00e9zn\u00e9l az Olimpiai J\u00e1t\u00e9kok alkalmaz\u00e1st, hogy ellen\u0151rizhesd a teljes programot, \u00e9s ne maradj le egyetlen fontos pillanatr\u00f3l sem. Let\u00f6ltheted az alkalmaz\u00e1st. <a href=\"https:\/\/play.google.com\/store\/apps\/details?id=org.olympic.app.mobile\">itt<\/a>.<\/p>\n\n\n\n<p class=\"wp-block-paragraph\">Ezt a menetrendet szem el\u0151tt tartva, m\u00e1r csak a pattogatott kukorica elk\u00e9sz\u00edt\u00e9se \u00e9s a j\u00e1t\u00e9kok l\u00e1tv\u00e1nyoss\u00e1g\u00e1nak \u00e9lvezete van h\u00e1tra!<\/p>\n\n\n\n<h2 class=\"wp-block-heading\">Mely sport\u00e1gak szerepelnek az olimpiai sport\u00e1gak list\u00e1j\u00e1n?<\/h2>\n\n\n\n<h3 class=\"wp-block-heading\">A sport\u00e1gak le\u00edr\u00e1sa benne foglaltatik<\/h3>\n\n\n\n<p class=\"wp-block-paragraph\">Az Olimpiai J\u00e1t\u00e9kokon a sportesem\u00e9nyek a sport\u00e1gak hatalmas v\u00e1ltozatoss\u00e1g\u00e1t \u00f6lelik fel, k\u00fcl\u00f6nb\u00f6z\u0151 kateg\u00f3ri\u00e1kba sorolva. P\u00e9ld\u00e1ul l\u00e9tezik atl\u00e9tika, \u00fasz\u00e1s, torna, ker\u00e9kp\u00e1roz\u00e1s \u00e9s sok m\u00e1s. Minden sport\u00e1g tov\u00e1bb oszlik egy\u00e9ni \u00e9s csapatversenyekre. Az olimpiai sport\u00e1gak \u00e9s kateg\u00f3ri\u00e1k puszta sz\u00e1m\u00e1t egy glob\u00e1lis sportesem\u00e9nyk\u00e9nt k\u00e9pzelhetj\u00fck el, amely mindent bemutat a harcm\u0171v\u00e9szetekt\u0151l, mint a dzs\u00fad\u00f3 \u00e9s a taekwondo, az olyan prec\u00edzi\u00f3s sportokig, mint az \u00edj\u00e1szat \u00e9s a v\u00edv\u00e1s.<\/p>\n\n\n\n<h3 class=\"wp-block-heading\">\u00daj sport\u00e1gak a 2024-es p\u00e1rizsi olimpi\u00e1n<\/h3>\n\n\n\n<p class=\"wp-block-paragraph\">A 2024-es p\u00e1rizsi olimpiai j\u00e1t\u00e9kok izgalmas \u00fajdons\u00e1gokat hoznak a sportrajong\u00f3knak. Olyan sport\u00e1gak t\u00e9rnek vissza, mint a breakt\u00e1nc, a g\u00f6rdeszk\u00e1z\u00e1s, a sportm\u00e1sz\u00e1s \u00e9s a sz\u00f6rf\u00f6z\u00e9s. Igen, a breakt\u00e1nc mostant\u00f3l olimpiai sport\u00e1g! Az \u00faj sport\u00e1gak bevon\u00e1s\u00e1ra ir\u00e1nyul\u00f3 t\u00f6rekv\u00e9s a j\u00e1t\u00e9kok azon t\u00f6rekv\u00e9s\u00e9t t\u00fckr\u00f6zi, hogy jobban kapcsolatba l\u00e9pjenek az \u00faj gener\u00e1ci\u00f3val, \u00e9s a sportos tehets\u00e9gek sz\u00e9lesebb k\u00f6r\u00e9t \u00fcnnepelj\u00e9k.<\/p>\n\n\n\n<h3 class=\"wp-block-heading\">A ny\u00e1ri \u00e9s t\u00e9li sportok k\u00f6z\u00f6tti k\u00fcl\u00f6nbs\u00e9gek<\/h3>\n\n\n\n<p class=\"wp-block-paragraph\">Az olimpiai vil\u00e1g egyik nagy k\u00fcl\u00f6nbs\u00e9ge a ny\u00e1ri \u00e9s a t\u00e9li sportok k\u00f6z\u00f6tt rejlik. A ny\u00e1ri j\u00e1t\u00e9kokon olyan versenyeket l\u00e1thatsz, mint a kos\u00e1rlabda, az evez\u00e9s \u00e9s a r\u00f6plabda. A t\u00e9li j\u00e1t\u00e9kokon pedig teljesen m\u00e1s sport\u00e1gak, p\u00e9ld\u00e1ul a s\u00edel\u00e9s, a snowboardoz\u00e1s \u00e9s a m\u0171korcsolya rabul ejt. Minden kiad\u00e1snak \u2013 ny\u00e1rinak \u00e9s t\u00e9linek \u2013 megvan a maga var\u00e1zsa, \u00e9s egyedi \u00e9lm\u00e9nyt ny\u00fajt a n\u00e9z\u0151knek.<\/p>\n\n\n\n<p class=\"wp-block-paragraph\">Tov\u00e1bbi inform\u00e1ci\u00f3k\u00e9rt a sporttal kapcsolatban k\u00f6vessen minket a <a href=\"https:\/\/www.facebook.com\/Olympics\">Az olimpia hivatalos Facebook-oldala<\/a> \u00c9s maradj naprak\u00e9sz a kedvenc sportjaiddal kapcsolatos h\u00edrekkel \u00e9s \u00e9rdekess\u00e9gekkel kapcsolatban.<\/p>\n\n\n\n<h2 class=\"wp-block-heading\">Hol tal\u00e1lok inform\u00e1ci\u00f3t a verseny helysz\u00edneir\u0151l?<\/h2>\n\n\n\n<p class=\"wp-block-paragraph\">T\u00f6bbet szeretne megtudni az olimpiai j\u00e1t\u00e9kok versenyhelysz\u00edneir\u0151l? P\u00e1rizs a 2024-es olimpiai j\u00e1t\u00e9kok h\u00e1zigazd\u00e1ja, \u00e9s j\u00f3 h\u00e1zigazdak\u00e9nt sz\u00e1mos ikonikus helysz\u00ednen rendez sportfesztiv\u00e1lt. A Stade de France-t\u00f3l a Place de la Concorde-ig a helysz\u00ednek \u00f6nmagukban is l\u00e1tv\u00e1nyosak lesznek.<\/p>\n\n\n\n<h3 class=\"wp-block-heading\">Versenyhelysz\u00ednek<\/h3>\n\n\n\n<p class=\"wp-block-paragraph\">A versenyhelysz\u00ednek strat\u00e9giai helyen tal\u00e1lhat\u00f3k, hogy bemutass\u00e1k P\u00e1rizs legjav\u00e1t. P\u00e9ld\u00e1ul a futballm\u00e9rk\u0151z\u00e9seket a Parc des Princes-ben rendezik, m\u00edg a teniszt a Roland Garroson j\u00e1tssz\u00e1k. Szeretn\u00e9d tudni, hol rendezik meg kedvenc sport\u00e1gad? <strong><a href=\"https:\/\/www.youtube.com\/olympics\">az olimpiai j\u00e1t\u00e9kok hivatalos weboldala<\/a><\/strong> Minden r\u00e9szletes inform\u00e1ci\u00f3t tartalmaz az egyes helysz\u00ednekr\u0151l.<\/p>\n\n\n\n<h3 class=\"wp-block-heading\">Hogyan juthatok el oda?<\/h3>\n\n\n\n<p class=\"wp-block-paragraph\">Egy m\u00e1sik fontos szempont, hogy tudjuk, hogyan juthatunk el oda! P\u00e1rizs kiv\u00e1l\u00f3 t\u00f6megk\u00f6zleked\u00e9si rendszerrel rendelkezik, amely mag\u00e1ban foglalja a metr\u00f3t, a buszokat \u00e9s a vonatokat. A boldog v\u00e1ros a ker\u00e9kp\u00e1roz\u00e1st is \u00f6szt\u00f6nzi, mint fenntarthat\u00f3 k\u00f6zleked\u00e9si eszk\u00f6zt. El\u0151re ellen\u0151rizd a t\u00e9rk\u00e9peket \u00e9s a menetrendeket, hogy ne maradj le kedvenc versenyeidr\u0151l egyetlen percr\u0151l sem.<\/p>\n\n\n\n<h3 class=\"wp-block-heading\">Turisztikai l\u00e1tv\u00e1nyoss\u00e1gok a k\u00f6zelben<\/h3>\n\n\n\n<p class=\"wp-block-paragraph\">Mik\u00f6zben a m\u00e9rk\u0151z\u00e9seket n\u00e9zed, mi\u00e9rt ne ragadn\u00e1d meg a lehet\u0151s\u00e9get, hogy felfedezd P\u00e1rizst egy kicsit jobban? A f\u0151bb versenyhelysz\u00ednek k\u00f6zel\u00e9ben kihagyhatatlan turisztikai l\u00e1tv\u00e1nyoss\u00e1gok tal\u00e1lhat\u00f3k. A Roland Garros stadion k\u00f6zel\u00e9ben p\u00e9ld\u00e1ul tal\u00e1lhat\u00f3 a gy\u00f6ny\u00f6r\u0171 Jardin des Serres d&#039;Auteuil. A Stade de France k\u00f6zel\u00e9ben pedig megtekintheted a Saint-Denis-i bazilik\u00e1t, amely egyed\u00fcl\u00e1ll\u00f3 t\u00f6rt\u00e9nelmi sz\u00e9ps\u00e9ggel rendelkezik.<\/p>\n\n\n\n<p class=\"wp-block-paragraph\">K\u00e9ts\u00e9gtelen, hogy P\u00e1rizsban lenni az olimpiai j\u00e1t\u00e9kok alatt felejthetetlen \u00e9lm\u00e9ny lesz, mind a sportteljes\u00edtm\u00e9ny, mind a v\u00e1ros b\u00e1ja \u00e9s kult\u00far\u00e1ja miatt!<\/p>\n\n\n\n<h2 class=\"wp-block-heading\">Melyek a napi versenyek kiemelked\u0151 esem\u00e9nyei?<\/h2>\n\n\n\n<p class=\"wp-block-paragraph\">Szeretn\u00e9d tudni, mely esem\u00e9nyeket nem szabad kihagyni az Olimpiai J\u00e1t\u00e9kokon? T\u00e9rj\u00fcnk r\u00f6gt\u00f6n a l\u00e9nyegre. A versenyek minden napja hihetetlen esem\u00e9nyek sorozat\u00e1t hozza, amelyeket nem akarsz kihagyni.<\/p>\n\n\n\n<h3 class=\"wp-block-heading\">A nap f\u0151bb esem\u00e9nyei<\/h3>\n\n\n\n<h3 class=\"wp-block-heading\">2024. j\u00falius 27., szombat:<\/h3>\n\n\n\n<ul class=\"wp-block-list\">\n<li><strong>14 arany\u00e9rem-versenysz\u00e1m:<\/strong> Mozgalmas nap lesz, a tollaslabda versenyek h\u00e1rom r\u00e9szre osztva: <\/li>\n\n\n\n<li>8:30-t\u00f3l 12:00-ig<\/li>\n\n\n\n<li>14:00-t\u00f3l 17:30-ig<\/li>\n\n\n\n<li>19:30-t\u00f3l 23:00-ig<\/li>\n<\/ul>\n\n\n\n<h3 class=\"wp-block-heading\">2024. j\u00falius 28., vas\u00e1rnap:<\/h3>\n\n\n\n<ul class=\"wp-block-list\">\n<li><strong>13 arany\u00e9rem-versenysz\u00e1m:<\/strong> Az \u00edj\u00e1szat\u00e9 lesz a f\u0151szerep, a n\u0151i csapatd\u00f6nt\u0151kre pedig a k\u00f6vetkez\u0151k ker\u00fclnek sor:<\/li>\n\n\n\n<li>Kies\u00e9sek 9:30 \u00e9s 11:05 k\u00f6z\u00f6tt<\/li>\n\n\n\n<li>\u00c9remd\u00f6nt\u0151k 14:15 \u00e9s 17:55 k\u00f6z\u00f6tt<\/li>\n<\/ul>\n\n\n\n<h3 class=\"wp-block-heading\">Eredm\u00e9nyek \u00e9s \u00e9rmesek az el\u0151z\u0151 napr\u00f3l.<\/h3>\n\n\n\n<p class=\"wp-block-paragraph\">Ha naprak\u00e9sz szeretn\u00e9l lenni az el\u0151z\u0151 nap esem\u00e9nyeivel, bele\u00e9rtve az \u00f6sszes gy\u0151ztest \u00e9s \u00e9rmeset, n\u00e9zd meg a napi h\u00edreket. Ez a legjobb m\u00f3dja annak, hogy nyomon k\u00f6vesd, ki ragyogott \u00e9s ki okozott meglepet\u00e9st.<\/p>\n\n\n\n<h3 class=\"wp-block-heading\">Fontos v\u00e1ltoz\u00e1sok vagy lemond\u00e1sok<\/h3>\n\n\n\n<p class=\"wp-block-paragraph\">V\u00e1ratlan dolgok t\u00f6rt\u00e9nhetnek! Ez\u00e9rt mindig j\u00f3 odafigyelni az utols\u00f3 pillanatban bek\u00f6vetkez\u0151 v\u00e1ltoz\u00e1sokra vagy ak\u00e1r az esem\u00e9nyek lemond\u00e1s\u00e1ra. Ennek sz\u00e1mos oka lehet, a kedvez\u0151tlen id\u0151j\u00e1r\u00e1si k\u00f6r\u00fclm\u00e9nyekt\u0151l kezdve a logisztikai probl\u00e9m\u00e1kon \u00e1t a sportol\u00f3k eg\u00e9szs\u00e9gi \u00e1llapot\u00e1ig.<\/p>\n\n\n\n<p class=\"wp-block-paragraph\">Teh\u00e1t tudod, mit kell tenned: minden nap \u00edrd le a f\u0151bb esem\u00e9nyeket, ellen\u0151rizd az el\u0151z\u0151 napi gy\u0151ztesek eredm\u00e9nyeit, \u00e9s figyelj a program esetleges v\u00e1ltoz\u00e1saira. \u00cdgy nem fogsz lemaradni az olimpiai j\u00e1t\u00e9kok egyetlen epikus pillanat\u00e1r\u00f3l sem.<\/p>\n\n\n\n<h2 class=\"wp-block-heading\">Mik az \u00e9remre vonatkoz\u00f3 j\u00f3slatok a j\u00e1t\u00e9kokra?<\/h2>\n\n\n\n<p class=\"wp-block-paragraph\">N\u00e9zz\u00fcnk szembe a t\u00e9nyekkel, az olimpiai j\u00e1t\u00e9kok egyik legnagyobb izgalma, amikor kedvenc sportol\u00f3inknak szurkolhatunk a dobog\u00f3s helyek\u00e9rt. De v\u00e9gs\u0151 soron mely orsz\u00e1goknak van a legnagyobb es\u00e9ly\u00fck az \u00e9remt\u00e1bl\u00e1zat megt\u00f6lt\u00e9s\u00e9re? Nos, az \u00e9remre vonatkoz\u00f3 j\u00f3slatok sz\u00e1mos t\u00e9nyez\u0151n alapulnak, bele\u00e9rtve a kor\u00e1bbi versenyeken el\u00e9rt teljes\u00edtm\u00e9nyt \u00e9s a sportol\u00f3k jelenlegi form\u00e1j\u00e1t.<\/p>\n\n\n\n<p class=\"wp-block-paragraph\"><strong>Azok az orsz\u00e1gok, ahol a legnagyobb es\u00e9ly van az \u00e9rmek megszerz\u00e9s\u00e9re<\/strong><\/p>\n\n\n\n<p class=\"wp-block-paragraph\">T\u00f6rt\u00e9nelmileg olyan orsz\u00e1gok uralj\u00e1k az \u00e9remszerz\u00e9sek sz\u00e1m\u00e1t, mint az Egyes\u00fclt \u00c1llamok, K\u00edna \u00e9s Oroszorsz\u00e1g. P\u00e9ld\u00e1ul a 2020-as toki\u00f3i olimpiai j\u00e1t\u00e9kokon az USA vezette az \u00e9remszerz\u00e9sek sz\u00e1m\u00e1t 113 \u00e9remmel, \u0151t k\u00f6vette K\u00edna 88-cal, majd Jap\u00e1n 58-cal. A 2024-es p\u00e1rizsi olimpi\u00e1n v\u00e1rhat\u00f3an ezek az orsz\u00e1gok ism\u00e9t az \u00e9lmez\u0151nyben lesznek, figyelembe v\u00e9ve a t\u00f6rt\u00e9nelm\u00fcket \u00e9s a sportba val\u00f3 folyamatos befektet\u00e9seiket.<\/p>\n\n\n\n<p class=\"wp-block-paragraph\"><strong>Kedvenc sportol\u00f3k minden sport\u00e1gban<\/strong><\/p>\n\n\n\n<p class=\"wp-block-paragraph\">Ha m\u00e1r a kedvenc sportol\u00f3kn\u00e1l tartunk, vannak olyan nagy neveink, mint Simone Biles a m\u0171v\u00e9szi torn\u00e1ban, aki gyakorlatilag egyet jelent az arany\u00e9remmel. Az atl\u00e9tik\u00e1ban Usain Bolt ugyan visszavonult, de... <a href=\"https:\/\/zattasports.com\/hu\/revelacoes-da-nfl-novos-talentos-que-estao-fazendo-historia\/\">\u00faj tehets\u00e9gek<\/a> Noah Lyles \u00e9s csapatt\u00e1rsai k\u00e9szen \u00e1llnak a ragyog\u00e1sra. Mindek\u00f6zben az \u00fasz\u00e1sban Katie Ledecky tov\u00e1bbra is er\u0151s es\u00e9lyes a medence domin\u00e1l\u00e1s\u00e1ra.<\/p>\n\n\n\n<p class=\"wp-block-paragraph\"><strong>\u00c9remt\u00e1bl\u00e1zat friss\u00edt\u00e9sek a j\u00e1t\u00e9kok alatt.<\/strong><\/p>\n\n\n\n<p class=\"wp-block-paragraph\">A J\u00e1t\u00e9kok alatt rendk\u00edv\u00fcl fontos nyomon k\u00f6vetni a friss\u00edtett \u00e9remsz\u00e1mokat, hogy k\u00e9pben legy\u00fcnk azzal, hogy mely orsz\u00e1gok vezetnek. Szerencs\u00e9re ezeket a friss\u00edt\u00e9seket val\u00f3s id\u0151ben k\u00f6vethetj\u00fck a [weboldal c\u00edme] c\u00edmen. <a href=\"https:\/\/www.nbcolympics.com\/full-schedule\">hivatalos platformok<\/a>. Ez egy praktikus \u00e9s hat\u00e9kony m\u00f3dja annak, hogy ne maradj le egyetlen fontos r\u00e9szletr\u0151l sem, \u00e9s persze, hogy sokat szurkolj!<\/p>\n\n\n\n<p class=\"wp-block-paragraph\">Ez\u00e9rt az olimpiai j\u00e1t\u00e9kokra val\u00f3 felk\u00e9sz\u00fcl\u00e9s azt jelenti, hogy oda kell figyelni az el\u0151rejelz\u00e9sekre \u00e9s naprak\u00e9sznek kell maradni a versenyek sor\u00e1n. Ki tudja, tal\u00e1n felfedezel egy \u00faj olimpiai b\u00e1lv\u00e1nyt?<\/p>\n\n\n\n<h2 class=\"wp-block-heading\">Hogyan befoly\u00e1solja az id\u0151z\u00f3na a versenyek k\u00f6zvet\u00edt\u00e9s\u00e9t?<\/h2>\n\n\n\n<p class=\"wp-block-paragraph\">A 2024-es olimpiai j\u00e1t\u00e9kok helysz\u00edn\u00e9\u00fcl szolg\u00e1l\u00f3 p\u00e1rizsi id\u0151z\u00f3na bonyolult lehet azok sz\u00e1m\u00e1ra, akik Eur\u00f3p\u00e1n k\u00edv\u00fclr\u0151l szeretn\u00e9k \u00e9l\u0151ben n\u00e9zni a versenyeket. El\u0151sz\u00f6r is n\u00e9zz\u00fck meg, hogyan lehet \u00e1tv\u00e1ltani a p\u00e1rizsi id\u0151t (CEST, k\u00f6z\u00e9p-eur\u00f3pai ny\u00e1ri id\u0151) m\u00e1s id\u0151z\u00f3n\u00e1kba. P\u00e9ld\u00e1ul, ha Braz\u00edli\u00e1ban tart\u00f3zkodsz (BRT, braz\u00edliai id\u0151), amely \u00e1ltal\u00e1ban 5 \u00f3r\u00e1val van P\u00e1rizs ut\u00e1n, akkor egy P\u00e1rizsban 10:00-kor kezd\u0151d\u0151 esem\u00e9nyt braz\u00edliai id\u0151 szerint 05:00-kor k\u00f6zvet\u00edtenek. Ha azonban Jap\u00e1nban tart\u00f3zkodsz (JST, jap\u00e1n standard id\u0151), amely 7 \u00f3r\u00e1val van P\u00e1rizs el\u0151tt, akkor ugyanazt az esem\u00e9nyt 17:00-kor k\u00f6zvet\u00edtik.<\/p>\n\n\n\n<p class=\"wp-block-paragraph\">Az id\u0151z\u00f3na-k\u00fcl\u00f6nbs\u00e9gek k\u00f6zvetlen\u00fcl befoly\u00e1solj\u00e1k a glob\u00e1lis k\u00f6zvet\u00edt\u00e9sek \u00fctemez\u00e9s\u00e9t. Gyakran el\u0151fordul, hogy a Franciaorsz\u00e1gban cs\u00facsid\u0151ben zajl\u00f3 esem\u00e9nyeket m\u00e1s r\u00e9gi\u00f3kban kedvez\u0151tlenebb id\u0151pontokban vet\u00edtik. Ez igazi fejf\u00e1j\u00e1st okoz a m\u0171sorsz\u00f3r\u00f3 h\u00e1l\u00f3zatoknak, amelyeknek a glob\u00e1lis k\u00f6z\u00f6ns\u00e9g ig\u00e9nyeihez kell igaz\u00edtaniuk a m\u0171soraikat. Ez\u00e9rt gyakori, hogy egyes h\u00e1l\u00f3zatok az esem\u00e9nyeket a saj\u00e1t orsz\u00e1gukban k\u00f6nnyebben el\u00e9rhet\u0151 id\u0151pontokban k\u00f6zvet\u00edtik, m\u00e9g akkor is, ha azok nem \u00e9l\u0151ben sug\u00e1roznak.<\/p>\n\n\n\n<p class=\"wp-block-paragraph\">Ahhoz, hogy \u00e9l\u0151ben k\u00f6vethesd az esem\u00e9nyeket an\u00e9lk\u00fcl, hogy lemaradn\u00e1l a r\u00e9szletekr\u0151l, n\u00e9h\u00e1ny tipp felbecs\u00fclhetetlen \u00e9rt\u00e9k\u0171 lehet. El\u0151sz\u00f6r is, n\u00e9zd meg a... <a href=\"https:\/\/olympics.com\/en\/paris-2024\/schedule\">hivatalos menetrend<\/a> El\u0151sz\u00f6r is, ellen\u0151rizd az olimpiai j\u00e1t\u00e9kok menetrendj\u00e9t, hogy l\u00e1sd a helyi versenyek id\u0151pontjait. M\u00e1sodszor, haszn\u00e1lj id\u0151z\u00f3na-\u00e1tv\u00e1lt\u00f3 alkalmaz\u00e1sokat, amelyek seg\u00edtenek jobban megtervezni az id\u0151det. V\u00e9g\u00fcl, a r\u00e9gi\u00f3dban k\u00f6zvet\u00edt\u00e9si jogokkal rendelkez\u0151 t\u00e9v\u00e9h\u00e1l\u00f3zatok \u00e9s streaming platformok k\u00f6zvet\u00edt\u00e9si menetrendjeinek ellen\u0151rz\u00e9s\u00e9vel stressz n\u00e9lk\u00fcl felk\u00e9sz\u00fclhetsz kedvenc esem\u00e9nyeid megtekint\u00e9s\u00e9re.<\/p>\n\n\n\n<p class=\"wp-block-paragraph\">Az id\u0151beoszt\u00e1s m\u00f3dos\u00edt\u00e1sa, az el\u0151re tervez\u00e9s \u00e9s a technol\u00f3gia haszn\u00e1lata elengedhetetlen ahhoz, hogy egyetlen pillanatot se hagyjunk ki a j\u00e1t\u00e9kokb\u00f3l. V\u00e9g\u00fcl is ki ne szeretn\u00e9 l\u00e1tni kedvenc sportol\u00f3j\u00e1t val\u00f3s id\u0151ben arany\u00e9rmet nyerni, igaz?<\/p>\n\n\n\n<h2 class=\"wp-block-heading\">K\u00f6vetkeztet\u00e9s<\/h2>\n\n\n\n<p class=\"wp-block-paragraph\">\u00d6sszefoglal\u00e1sk\u00e9nt \u00e1ttekintett\u00fck a 2024-es p\u00e1rizsi olimpiai j\u00e1t\u00e9kok napt\u00e1r\u00e1t, a f\u0151bb esem\u00e9nyek d\u00e1tumait, az \u00e9l\u0151 k\u00f6zvet\u00edt\u00e9si lehet\u0151s\u00e9geket \u00e9s a r\u00e9szletes napi programot. \u00c1ttekintett\u00fck a cs\u00facsid\u0151szakokat, a sport- \u00e9s versenyhelysz\u00ednek list\u00e1j\u00e1t, valamint a napi kiemelt esem\u00e9nyeket \u00e9s az \u00e9remel\u0151rejelz\u00e9seket. \u00d6sszess\u00e9g\u00e9ben a p\u00e1rizsi j\u00e1t\u00e9kok izgalmasnak \u00e9s j\u00f3l szervezettnek \u00edg\u00e9rkeznek. Figyeld a streaming platformokat, \u00e9s \u00e1ll\u00edtsd be az id\u0151z\u00f3n\u00e1dat, hogy ne maradj le a nagyszer\u0171 sport\u00fcnnep egyetlen fontos pillanat\u00e1r\u00f3l sem.<\/p>\n\n\n\n<h2 class=\"wp-block-heading\">GYIK<\/h2>\n\n\n\n<h3 class=\"wp-block-heading\">Mi a 2024-es p\u00e1rizsi olimpiai j\u00e1t\u00e9kok \u00e1ltal\u00e1nos programja?<\/h3>\n\n\n\n<p class=\"wp-block-paragraph\">A 2024-es p\u00e1rizsi olimpiai j\u00e1t\u00e9kok menetrendj\u00e9nek megismer\u00e9s\u00e9hez fontos megjegyezni a legfontosabb d\u00e1tumokat: a megnyit\u00f3 \u00fcnneps\u00e9gre 2024. j\u00falius 26-\u00e1n, p\u00e9nteken, a z\u00e1r\u00f3\u00fcnneps\u00e9gre pedig 2024. augusztus 11-\u00e9n, vas\u00e1rnap ker\u00fcl sor. Tov\u00e1bbi r\u00e9szletek\u00e9rt tekintse meg a teljes menetrendet a hivatalos menetrendben.<\/p>\n\n\n\n<h3 class=\"wp-block-heading\">Milyen \u00faj sport\u00e1gak szerepelnek a 2024-es p\u00e1rizsi olimpiai j\u00e1t\u00e9kok programj\u00e1ban?<\/h3>\n\n\n\n<p class=\"wp-block-paragraph\">A 2024-es p\u00e1rizsi olimpiai j\u00e1t\u00e9kok \u00faj sport\u00e1gaival kapcsolatos k\u00e9rd\u00e9s egy\u00e9rtelm\u0171 megv\u00e1laszol\u00e1s\u00e1hoz h\u00e1rom \u00faj sport\u00e1gat adtak hozz\u00e1: a breakt\u00e1ncot, a g\u00f6rdeszk\u00e1z\u00e1st \u00e9s a sportm\u00e1sz\u00e1st. Ezek a kieg\u00e9sz\u00edt\u00e9sek a fiatalabb \u00e9s soksz\u00edn\u0171bb k\u00f6z\u00f6ns\u00e9g vonz\u00e1s\u00e1t c\u00e9lozz\u00e1k.<\/p>\n\n\n\n<h3 class=\"wp-block-heading\">Hogyan tudom \u00e9l\u0151ben n\u00e9zni az olimpiai j\u00e1t\u00e9kok k\u00f6zvet\u00edt\u00e9s\u00e9t?<\/h3>\n\n\n\n<p class=\"wp-block-paragraph\">Az olimpiai j\u00e1t\u00e9kok \u00e9l\u0151 k\u00f6zvet\u00edt\u00e9s\u00e9nek megtekint\u00e9s\u00e9hez haszn\u00e1ld a hivatalos platformokat, p\u00e9ld\u00e1ul az NBC, a Globo, az Eurosport \u00e9s a Tencent Sports weboldalait \u00e9s alkalmaz\u00e1sait, r\u00e9gi\u00f3dt\u00f3l f\u00fcgg\u0151en. Egyes lehet\u0151s\u00e9gekhez fizet\u0151s el\u0151fizet\u00e9s sz\u00fcks\u00e9ges, de ingyenes alternat\u00edv\u00e1k is el\u00e9rhet\u0151k.<\/p>\n\n\n\n<h3 class=\"wp-block-heading\">Mely napokon van a legt\u00f6bb arany\u00e9rmes versenysz\u00e1m?<\/h3>\n\n\n\n<p class=\"wp-block-paragraph\">Annak tiszt\u00e1z\u00e1sa \u00e9rdek\u00e9ben, hogy mely napokon zajlik a legt\u00f6bb arany\u00e9rem-verseny, figyelj\u00fcnk a 2024. augusztus 2-\u00e1ra, 23 versennyel, \u00e9s a 2024. augusztus 3-\u00e1ra, 28 versennyel. Ezek a legforgalmasabb napok a 2024-es p\u00e1rizsi olimpiai programban.<\/p>\n\n\n\n<h3 class=\"wp-block-heading\">Hol tal\u00e1lok inform\u00e1ci\u00f3t a verseny helysz\u00edneir\u0151l?<\/h3>\n\n\n\n<p class=\"wp-block-paragraph\">A 2024-es p\u00e1rizsi olimpiai j\u00e1t\u00e9kok versenyhelysz\u00edneivel kapcsolatos tov\u00e1bbi inform\u00e1ci\u00f3k\u00e9rt haszn\u00e1lja a k\u00f6vetkez\u0151t: <a href=\"https:\/\/www.youtube.com\/olympics\">hivatalos weboldal<\/a>. P\u00e1rizs olyan l\u00e9tes\u00edtm\u00e9nyeket k\u00edn\u00e1l, mint a Stade de France \u00e9s a Roland Garros, amelyek k\u00f6nnyen megk\u00f6zel\u00edthet\u0151k t\u00f6megk\u00f6zleked\u00e9ssel.<\/p>","protected":false},"excerpt":{"rendered":"<p>2024-es p\u00e1rizsi olimpiai j\u00e1t\u00e9kok napt\u00e1ra: d\u00e1tumok, fontos esem\u00e9nyek, \u00faj sport\u00e1gak \u00e9s \u00e9l\u0151 k\u00f6zvet\u00edt\u00e9sek. Maradjon naprak\u00e9sz!<\/p>","protected":false},"author":9,"featured_media":316,"comment_status":"open","ping_status":"open","sticky":false,"template":"","format":"standard","meta":{"_mc_post_carrossel_enabled":"","_mc_post_carrossel_paragraph":0,"_mc_post_botao_enabled":"","_mc_post_botao_variant":-1,"_mc_post_botao_paragraph":0,"_mc_post_cin_enabled":"","_mc_post_cin_text_variant":-1,"_mc_post_cin_paragraph":0,"_mc_post_avn_enabled":"","_mc_post_avn_text_variant":-1,"_mc_post_avn_paragraph":0,"_mc_post_quiz_inline_enabled":"","_mc_post_quiz_inline_paragraph":0,"_mc_post_comparador_enabled":"","_mc_post_comparador_paragraph":0,"_mc_post_card_download_enabled":"","_mc_post_card_download_paragraph":0,"footnotes":""},"categories":[1],"tags":[],"class_list":["post-318","post","type-post","status-publish","format-standard","has-post-thumbnail","hentry","category-uncategorized","entry"],"_links":{"self":[{"href":"https:\/\/zattasports.com\/hu\/wp-json\/wp\/v2\/posts\/318","targetHints":{"allow":["GET"]}}],"collection":[{"href":"https:\/\/zattasports.com\/hu\/wp-json\/wp\/v2\/posts"}],"about":[{"href":"https:\/\/zattasports.com\/hu\/wp-json\/wp\/v2\/types\/post"}],"author":[{"embeddable":true,"href":"https:\/\/zattasports.com\/hu\/wp-json\/wp\/v2\/users\/9"}],"replies":[{"embeddable":true,"href":"https:\/\/zattasports.com\/hu\/wp-json\/wp\/v2\/comments?post=318"}],"version-history":[{"count":4,"href":"https:\/\/zattasports.com\/hu\/wp-json\/wp\/v2\/posts\/318\/revisions"}],"predecessor-version":[{"id":4622,"href":"https:\/\/zattasports.com\/hu\/wp-json\/wp\/v2\/posts\/318\/revisions\/4622"}],"wp:featuredmedia":[{"embeddable":true,"href":"https:\/\/zattasports.com\/hu\/wp-json\/wp\/v2\/media\/316"}],"wp:attachment":[{"href":"https:\/\/zattasports.com\/hu\/wp-json\/wp\/v2\/media?parent=318"}],"wp:term":[{"taxonomy":"category","embeddable":true,"href":"https:\/\/zattasports.com\/hu\/wp-json\/wp\/v2\/categories?post=318"},{"taxonomy":"post_tag","embeddable":true,"href":"https:\/\/zattasports.com\/hu\/wp-json\/wp\/v2\/tags?post=318"}],"curies":[{"name":"munkaf\u00fczet","href":"https:\/\/api.w.org\/{rel}","templated":true}]}}