{"id":1409,"date":"2025-07-26T23:01:52","date_gmt":"2025-07-27T02:01:52","guid":{"rendered":"https:\/\/zattasports.com\/?p=1409"},"modified":"2025-07-11T16:16:41","modified_gmt":"2025-07-11T19:16:41","slug":"shein-moda-acessivel-e-tendencias-atuais","status":"publish","type":"post","link":"https:\/\/zattasports.com\/hu\/shein-moda-acessivel-e-tendencias-atuais\/","title":{"rendered":"Shein: Megfizethet\u0151 divat \u00e9s aktu\u00e1lis trendek"},"content":{"rendered":"<p>A <b>Shein<\/b> jelent\u0151s\u00e9gre tett szert <strong>gyors divat<\/strong> vil\u00e1gszerte. Aj\u00e1nlatok <strong>megfizethet\u0151 divat<\/strong> ami a leg\u00fajabbat k\u00f6veti <strong>divatir\u00e1nyzatok<\/strong>. C\u00e9ljuk, hogy a divatot k\u00f6nnyen el\u00e9rhet\u0151v\u00e9 tegy\u00e9k, a technol\u00f3gia \u00e9s az adatok felhaszn\u00e1l\u00e1s\u00e1val diverzifik\u00e1lj\u00e1k term\u00e9keiket. Ez a fiatalabbak sz\u00e1m\u00e1ra vonz\u00f3.<\/p>\n<p>A <b>Shein<\/b> Egyre n\u00e9pszer\u0171bb. T\u00f6k\u00e9letes v\u00e1laszt\u00e1s azok sz\u00e1m\u00e1ra, akik divatosak szeretn\u00e9nek maradni an\u00e9lk\u00fcl, hogy sok p\u00e9nzt k\u00f6lten\u00e9nek.<\/p>\n<h2>A Shein eredete \u00e9s felemelked\u00e9se<\/h2>\n<p>A <b>Shein<\/b> 2008-ban alap\u00edtotta a <b>Chris Xu<\/b> ZZKKO n\u00e9ven volt ismert. A c\u00e9g leny\u0171g\u00f6z\u0151 n\u00f6veked\u00e9st \u00e9rt el, \u00e9s a glob\u00e1lis divat meghat\u00e1roz\u00f3 n\u00e9v\u00e9v\u00e9 v\u00e1lt. Szingap\u00fari k\u00f6zpontja j\u00f3l mutatja a k\u00ednai piachoz f\u0171z\u0151d\u0151 er\u0151s kapcsolat\u00e1t, ahol a m\u00e1rka jelent\u0151sen megn\u0151tt.<\/p>\n<p>A Shein egyik er\u0151ss\u00e9ge, hogy gyorsan k\u00f6veti az \u00faj trendeket. A m\u00e1rka k\u00f6zvetlen\u00fcl a fiatalokhoz \u00e9s a fiatal feln\u0151ttekhez sz\u00f3l, \u00e9s a k\u00f6vetkez\u0151ket k\u00edn\u00e1lja: <b>megfizethet\u0151 divat<\/b>. Ez tette nagyon n\u00e9pszer\u0171v\u00e9 a millenniumi gener\u00e1ci\u00f3 k\u00f6r\u00e9ben... <b>Z gener\u00e1ci\u00f3<\/b>.<\/p>\n<p>A Shein n\u00f6veked\u00e9s\u00e9t az \u00fczleti modellje is seg\u00edtette. Ez lehet\u0151v\u00e9 teszi, hogy hetente t\u00f6bb ezer \u00faj term\u00e9ket dobjon piacra. Ez folyamatosan friss lehet\u0151s\u00e9geket biztos\u00edt a v\u00e1s\u00e1rl\u00f3k sz\u00e1m\u00e1ra, \u00e9s a Sheint a fast fashion vil\u00e1g\u00e1nak \u00fatt\u00f6r\u0151j\u00e9v\u00e9 teszi.<\/p>\n<p><img loading=\"lazy\" decoding=\"async\" src=\"https:\/\/zattasports.com\/wp-content\/uploads\/2025\/07\/origem-da-Shein-1024x585.jpeg\" alt=\"origem da Shein\" title=\"Shein eredete\" width=\"750\" height=\"428\" class=\"aligncenter size-large wp-image-1411\" srcset=\"https:\/\/zattasports.com\/wp-content\/uploads\/2025\/07\/origem-da-Shein-1024x585.jpeg 1024w, https:\/\/zattasports.com\/wp-content\/uploads\/2025\/07\/origem-da-Shein-300x171.jpeg 300w, https:\/\/zattasports.com\/wp-content\/uploads\/2025\/07\/origem-da-Shein-768x439.jpeg 768w, https:\/\/zattasports.com\/wp-content\/uploads\/2025\/07\/origem-da-Shein.jpeg 1344w\" sizes=\"auto, (max-width: 750px) 100vw, 750px\" \/><\/p>\n<h2>Shein term\u00e9kk\u00edn\u00e1lata<\/h2>\n<p>A Shein sz\u00e9les term\u00e9kv\u00e1laszt\u00e9k\u00e1r\u00f3l ismert. Sokf\u00e9le st\u00edlust \u00e9s preferenci\u00e1t k\u00edn\u00e1lnak. Ez mag\u00e1ban foglalja <b>n\u0151i ruh\u00e1zat<\/b> Mindennapi haszn\u00e1latra \u00e9s k\u00fcl\u00f6nleges esem\u00e9nyekre.<\/p>\n<p>A ruh\u00e1kon k\u00edv\u00fcl Sheinnek t\u00f6bb... <b>kieg\u00e9sz\u00edt\u0151k<\/b>. Ezek a darabok b\u00e1rmilyen megjelen\u00e9st kieg\u00e9sz\u00edtenek. Tal\u00e1lhatsz t\u00e1sk\u00e1kat, \u00e9kszereket \u00e9s cip\u0151ket, amelyek k\u00f6vetik a leg\u00fajabb trendeket.<\/p>\n<p>A Shein sz\u00e9les term\u00e9kv\u00e1laszt\u00e9kkal rendelkezik. Ez azt jelenti, hogy minden koroszt\u00e1ly \u00e9s st\u00edlus\u00fa ember megtal\u00e1lhatja a kedv\u00e9re val\u00f3t. <b>sokf\u00e9les\u00e9g<\/b> Ez tette a Sheint n\u00e9pszer\u0171 \u00e9s megfizethet\u0151 divatm\u00e1rk\u00e1v\u00e1 sokak sz\u00e1m\u00e1ra.<\/p>\n<h2>Gyors divat e-kereskedelmi modell<\/h2>\n<p>O <b>\u00fczleti modell<\/b> Shein megv\u00e1ltoztatta a n\u00e9z\u0151pontunkat <b>gyors divat<\/b>. Kis t\u00e9telben gy\u00e1rtanak ruh\u00e1kat. Ez lehet\u0151v\u00e9 teszi a m\u00e1rka sz\u00e1m\u00e1ra, hogy gyorsan teszteljen k\u00fcl\u00f6nb\u00f6z\u0151 st\u00edlusokat. A fejlett technol\u00f3gi\u00e1nak, p\u00e9ld\u00e1ul a mesters\u00e9ges intelligenci\u00e1nak k\u00f6sz\u00f6nhet\u0151en a Shein k\u00e9pes megj\u00f3solni a trendeket. Ez jav\u00edtja a logisztik\u00e1j\u00e1t.<\/p>\n<p>A Shein mindig \u00faj term\u00e9kekkel hoz piacra, hetente t\u00f6bbsz\u00f6r is \u00faj kollekci\u00f3kat dob piacra. Ez egy m\u00f3dja annak, hogy fenntartsa a v\u00e1s\u00e1rl\u00f3k \u00e9rdekl\u0151d\u00e9s\u00e9t. A trendek gyors elterjed\u00e9se a siker egyik kulcsfontoss\u00e1g\u00fa pontja. Ez a dinamizmus seg\u00edti a Sheint kit\u0171nni az online piacon.<\/p>\n<h2>A Shein hat\u00e1sa a glob\u00e1lis divattrendekre<\/h2>\n<p>A Shein megv\u00e1ltoztatta a divathoz val\u00f3 hozz\u00e1f\u00e9r\u00e9s\u00fcnket. A kifut\u00f3s st\u00edlusok most m\u00e1r mindenkinek sz\u00f3lnak. A m\u00e1rka vil\u00e1gszerte h\u00edres, \u00e9s vonzza... <b>Z gener\u00e1ci\u00f3<\/b>. Mindig a leg\u00fajabb divattrendeket keresik. A k\u00f6z\u00f6ss\u00e9gi m\u00e9dia platformok, mint a TikTok \u00e9s az Instagram, nagyban hozz\u00e1j\u00e1rultak a Shein n\u00f6veked\u00e9s\u00e9hez.<\/p>\n<p>Az influenszerek \u00e1llnak ennek a v\u00e1ltoz\u00e1snak az \u00e9l\u00e9n. \u0150k k\u00e9sz\u00edtenek \u00e1rus\u00edt\u00f3 vide\u00f3kat \u00e9s divattippeket adnak, amivel vir\u00e1lis \u00e9rdekl\u0151d\u00e9st keltenek. Ez nemcsak a Shein term\u00e9keit n\u00e9pszer\u0171s\u00edti, hanem er\u0151s k\u00f6tel\u00e9ket is teremt a m\u00e1rka \u00e9s k\u00f6vet\u0151i k\u00f6z\u00f6tt. <b>Z gener\u00e1ci\u00f3<\/b>, aki im\u00e1d online lenni \u00e9s l\u00e9p\u00e9st tartani az \u00faj kultur\u00e1lis mozgalmakkal, a Shein seg\u00edts\u00e9g\u00e9vel mutatja be egyedi st\u00edlus\u00e1t a leg\u00fajabb trendekkel.<\/p>\n<h2>Megfizethet\u0151 divat: Mi az, \u00e9s hogyan t\u0171nik ki a Shein<\/h2>\n<p>A <b>megfizethet\u0151 divat<\/b> C\u00e9lja, hogy mindenki sz\u00e1m\u00e1ra el\u00e9rhet\u0151v\u00e9 tegye a divatot. K\u00fcl\u00f6nb\u00f6z\u0151 t\u00edpus\u00fa emberek sz\u00e1m\u00e1ra k\u00edn\u00e1l ruh\u00e1kat. <b>testek<\/b> \u00e9s a k\u00f6lts\u00e9gvet\u00e9sek. A Shein sz\u00e9les term\u00e9kk\u00edn\u00e1lat\u00e1val igazodik ehhez a koncepci\u00f3hoz. <b>term\u00e9kk\u00edn\u00e1lat<\/b> vonz\u00f3 \u00e1rakon.<\/p>\n<p>A m\u00e1rka nem csak ruh\u00e1kat \u00e1rul. Arra \u00f6sszpontos\u00edt... <b>sokf\u00e9les\u00e9g<\/b> e <b>befogad\u00e1s<\/b>. A Shein igyekszik a fogyat\u00e9kkal \u00e9l\u0151k ig\u00e9nyeit is kiel\u00e9g\u00edteni. Ily m\u00f3don a Shein a sztereot\u00edpi\u00e1kt\u00f3l mentes divatot n\u00e9pszer\u0171s\u00edti, tiszteletben tartva a soksz\u00edn\u0171 st\u00edlusokat \u00e9s preferenci\u00e1kat.<\/p>\n<ul>\n<li>K\u00fcl\u00f6nb\u00f6z\u0151 m\u00e9retek \u00e9s st\u00edlusok mindenki sz\u00e1m\u00e1ra.<\/li>\n<li>Az \u00e1rak megk\u00f6nny\u00edtik a leg\u00fajabb trendek el\u00e9r\u00e9s\u00e9t.<\/li>\n<li>Trendeket k\u00f6vet\u0151 ruh\u00e1k, amelyekben mindenki otthon \u00e9rzi mag\u00e1t.<\/li>\n<\/ul>\n<p>Ezzel a Shein t\u00falmutat az egyszer\u0171 elad\u00e1son. Megv\u00e1ltoztatja a divatr\u00f3l alkotott k\u00e9pet, \u00e9s mindenki sz\u00e1m\u00e1ra egy kifejez\u00e9si form\u00e1v\u00e1 alak\u00edtja azt.<\/p>\n<h2>Fenntarthat\u00f3s\u00e1g \u00e9s etikai agg\u00e1lyok<\/h2>\n<p>Shein, egy jelent\u0151s m\u00e1rka <b>gyors divat<\/b>, Ez vit\u00e1kat gener\u00e1l. Sokan csod\u00e1lj\u00e1k, de kritik\u00e1val is szembes\u00fcl. A Shein m\u0171k\u00f6d\u00e9si m\u00f3dja, a heti \u00faj term\u00e9kek piacra dob\u00e1sa, hat\u00e1ssal van a k\u00f6rnyezetre. A termel\u00e9si folyamat rengeteg hullad\u00e9kot termel, ami komoly aggodalomra ad okot.<\/p>\n<p>A Shein gy\u00e1rakban uralkod\u00f3 munkak\u00f6r\u00fclm\u00e9nyek szint\u00e9n megk\u00e9rd\u0151jelezhet\u0151ek. Jelent\u00e9sek szerint a dolgoz\u00f3knak nincs j\u00f3 munkak\u00f6rnyezet\u00fck. Tov\u00e1bb\u00e1 a Sheint b\u00edr\u00e1lt\u00e1k amiatt, hogy \u00e1ll\u00edt\u00f3lag m\u00e1s alkot\u00f3k terveit m\u00e1solja. Ez a divatban a szerz\u0151i jogok \u00e9s a becs\u00fcletess\u00e9g k\u00e9rd\u00e9s\u00e9t is \u00e9rinti.<\/p>\n<p>Mindezek miatt egyre t\u00f6bb ember t\u00f6r\u0151dik a megv\u00e1s\u00e1rolt ruha eredet\u00e9vel. Olyan m\u00e1rk\u00e1k ruh\u00e1it szeretn\u00e9k, amelyek tiszteletben tartj\u00e1k az etikai \u00e9s k\u00f6rnyezetv\u00e9delmi \u00e9rt\u00e9keket. Ez a mozgalom sokakat arra k\u00e9sztet, hogy \u00fajragondolj\u00e1k fogyaszt\u00e1si szok\u00e1saikat, \u00e9s felismerj\u00e9k v\u00e1laszt\u00e1saik hat\u00e1s\u00e1t.<\/p>\n<h2>\u00dcgyf\u00e9l\u00e9lm\u00e9ny a Sheinn\u00e9l<\/h2>\n<p>A Shein nagy hangs\u00falyt fektet a v\u00e1s\u00e1rl\u00f3i \u00e9lm\u00e9nyre. Minden \u00fagy van megtervezve, hogy... <strong>v\u00e1s\u00e1rl\u00e1s a Sheinben<\/strong> legyen \u00e9lvezetes. <b>telek<\/b> Kiv\u00e1l\u00f3 min\u0151s\u00e9g\u0171 k\u00e9peket \u00e9s le\u00edr\u00e1sokat tartalmaz, amelyek seg\u00edtenek a term\u00e9kek vizualiz\u00e1l\u00e1s\u00e1ban, megk\u00f6nny\u00edtve a megalapozott d\u00f6nt\u00e9seket.<\/p>\n<p>A v\u00e1s\u00e1rl\u00f3i v\u00e9lem\u00e9nyek elengedhetetlenek. \u00c9rt\u00e9kes inform\u00e1ci\u00f3kat ny\u00fajtanak a term\u00e9kek min\u0151s\u00e9g\u00e9r\u0151l \u00e9s illeszked\u00e9s\u00e9r\u0151l, n\u00f6velve a v\u00e1s\u00e1rl\u00f3i bizalmat.<\/p>\n<p>A Shein k\u00fcl\u00f6nf\u00e9le kezdem\u00e9nyez\u00e9seket hoz l\u00e9tre \u00fcgyfelei k\u00f6zels\u00e9g\u00e9nek meg\u0151rz\u00e9se \u00e9rdek\u00e9ben, p\u00e9ld\u00e1ul:<\/p>\n<ul>\n<li><b>Prom\u00f3ci\u00f3k<\/b> Vonz\u00f3 \u00e9s vill\u00e1m\u00e9rt\u00e9kes\u00edt\u00e9sek;<\/li>\n<li>Ingyenes sz\u00e1ll\u00edt\u00e1si aj\u00e1nlatok, amelyek tov\u00e1bbi v\u00e1s\u00e1rl\u00e1sokra \u00f6szt\u00f6n\u00f6znek;<\/li>\n<li>Inspir\u00e1l\u00f3 tartalmak a k\u00f6z\u00f6ss\u00e9gi m\u00e9di\u00e1ban, amelyek bemutatj\u00e1k a leg\u00fajabb trendeket.<\/li>\n<\/ul>\n<p>A fiatalok h\u0171s\u00e9ge a Sheinhez ezekkel a strat\u00e9gi\u00e1kkal n\u00f6vekszik. Ez egy akt\u00edv k\u00f6z\u00f6ss\u00e9get hoz l\u00e9tre a m\u00e1rka k\u00f6r\u00fcl. <b>telek<\/b> A felfedez\u00e9s \u00e9s az interakci\u00f3 hely\u00e9v\u00e9 v\u00e1lik. \u00cdgy, <strong>v\u00e1s\u00e1rl\u00e1s a Sheinben<\/strong> Egyedi \u00e9lm\u00e9nny\u00e9 v\u00e1lik.<\/p>\n<h2>A k\u00f6z\u00f6ss\u00e9gi m\u00e9dia fontoss\u00e1ga Shein n\u00e9pszer\u0171s\u00e9g\u00e9ben<\/h2>\n<p>Shein sokat haszn\u00e1l <b>k\u00f6z\u00f6ss\u00e9gi m\u00e9dia<\/b> A divatvil\u00e1gban val\u00f3 kit\u0171n\u00e9sben az influenszerek nagy seg\u00edts\u00e9get jelentenek, mivel olyan tartalmakat hoznak l\u00e9tre, amelyek mindenki figyelm\u00e9t megragadj\u00e1k. Az Instagramon, a TikTokon \u00e9s a Facebookon a Shein a Z gener\u00e1ci\u00f3t c\u00e9lozza meg. Szeretik hallani, hogy mit mondanak a bar\u00e1taik \u00e9s az influenszerek online.<\/p>\n<p>A <b>k\u00f6z\u00f6ss\u00e9gi m\u00e9dia<\/b> Hagyj\u00e1k, hogy a Shein k\u00f6zvetlen\u00fcl kommunik\u00e1ljon azokkal, akik megv\u00e1s\u00e1rolj\u00e1k a ruh\u00e1ikat. Ez k\u00f6zelebb hozza az embereket a m\u00e1rk\u00e1hoz. Ruh\u00e1ikat vag\u00e1ny m\u00f3don mutatj\u00e1k be a k\u00f6z\u00f6ss\u00e9gi m\u00e9di\u00e1ban, t\u00f6bb embert el\u00e9rve. Divatkih\u00edv\u00e1sok \u00e9s influencerekkel val\u00f3 egy\u00fcttm\u0171k\u00f6d\u00e9s r\u00e9v\u00e9n a Shein nemcsak elad, hanem egy rendk\u00edv\u00fcl elk\u00f6telezett k\u00f6z\u00f6ss\u00e9get is l\u00e9trehoz.<\/p>\n<p>A hat\u00e9kony taktik\u00e1k k\u00f6z\u00fcl a k\u00f6vetkez\u0151k emelkednek ki:<\/p>\n<ul>\n<li>Vizu\u00e1lisan felt\u0171n\u0151 tartalom, amely t\u00fckr\u00f6zi a leg\u00fajabb trendeket.<\/li>\n<li>Mikro- \u00e9s makro-influenszerekkel val\u00f3 partners\u00e9g a k\u00f6z\u00f6ns\u00e9g diverzifik\u00e1l\u00e1sa \u00e9rdek\u00e9ben.<\/li>\n<li>Interakt\u00edv prom\u00f3ci\u00f3s kamp\u00e1nyok, amelyek lehet\u0151v\u00e9 teszik a felhaszn\u00e1l\u00f3k akt\u00edv r\u00e9szv\u00e9tel\u00e9t.<\/li>\n<\/ul>\n<p>Ez a megk\u00f6zel\u00edt\u00e9s seg\u00edt a Sheinnek jelent\u0151s m\u00e1rk\u00e1v\u00e1 v\u00e1lni. Sok olyan \u00fcgyfele van, akik mindig elk\u00f6telezettek, ami nagyban seg\u00edti az elad\u00e1sokat \u00e9s a n\u00e9pszer\u0171s\u00e9get.<\/p>\n<h2>Kedvezm\u00e9nyek \u00e9s prom\u00f3ci\u00f3k a Sheinn\u00e9l<\/h2>\n<p>Shein h\u00edres arr\u00f3l, hogy <strong>prom\u00f3ci\u00f3k<\/strong> e <strong>kedvezm\u00e9nykuponok<\/strong>. Ez sok fogyaszt\u00f3t vonz. Figyelemmel k\u00eds\u00e9rik az \u00fcnnepeket \u00e9s a k\u00fcl\u00f6nleges alkalmakat, hogy jobb \u00e1rakat biztos\u00edtsanak. Ennek eredm\u00e9nyek\u00e9nt a v\u00e1s\u00e1rl\u00f3k sz\u00e1mos term\u00e9kre kedvezm\u00e9nyeket tal\u00e1lnak.<\/p>\n<p>Van egy nagyon klassz h\u0171s\u00e9gprogramjuk is. A v\u00e1s\u00e1rl\u00f3k minden v\u00e1s\u00e1rl\u00e1ssal pontokat gy\u0171jtenek. Ezeket a pontokat azt\u00e1n bev\u00e1lthatj\u00e1k... <strong>kedvezm\u00e9nykuponok<\/strong>. Ez\u00e1ltal a Shein-t\u0151l val\u00f3 v\u00e1s\u00e1rl\u00e1s el\u0151ny\u00f6sebb.<\/p>\n<p>\u00c9s itt m\u00e9g nem \u00e1ll meg. A Shein olyan weboldalakkal \u00e1ll kapcsolatban, amelyek... <strong>p\u00e9nzvisszat\u00e9r\u00edt\u00e9s<\/strong>. Az ilyen platformokon kereszt\u00fcl t\u00f6rt\u00e9n\u0151 v\u00e1s\u00e1rl\u00e1ssal a p\u00e9nz egy r\u00e9sze visszaker\u00fcl a fogyaszt\u00f3hoz. Ez egy nagyszer\u0171 m\u00f3dja annak, hogy m\u00e9g t\u00f6bbet takar\u00edtsunk meg.<\/p>\n<h2>Befogad\u00f3 divat \u00e9s soksz\u00edn\u0171s\u00e9g a Shein kollekci\u00f3iban<\/h2>\n<p>A Shein arr\u00f3l ismert, hogy olyan ruh\u00e1kat k\u00e9sz\u00edt, amelyek mindenkinek j\u00f3l \u00e1llnak. Legyen sz\u00f3 ak\u00e1r az alakodr\u00f3l, a m\u00e9retedr\u0151l vagy a st\u00edlusodr\u00f3l, biztosan tal\u00e1lsz valamit. Ez is mutatja a m\u00e1rka elk\u00f6telezetts\u00e9g\u00e9t a sztereot\u00edpi\u00e1k lebont\u00e1sa \u00e9s a soksz\u00edn\u0171 \u00edzl\u00e9sek kiel\u00e9g\u00edt\u00e9se ir\u00e1nt.<\/p>\n<p>A Shein kollekci\u00f3i k\u00fcl\u00f6nleges st\u00edlusjegyekkel rendelkeznek. Az egyszer\u0171t\u0151l az extravag\u00e1nsig terjednek, lehet\u0151v\u00e9 t\u00e9ve mindenkinek, hogy megmutassa a szem\u00e9lyis\u00e9g\u00e9t. <\/p>\n<ul>\n<li>K\u00fcl\u00f6nb\u00f6z\u0151 szem\u00e9lyes st\u00edlusoknak megfelel\u0151 aj\u00e1nlatok;<\/li>\n<li>K\u00fcl\u00f6nb\u00f6z\u0151 m\u00e9retek, \u00edgy mindenki sz\u00e1m\u00e1ra biztos\u00edtva a k\u00e9nyelmet. <b>testek<\/b>;<\/li>\n<li>Nyomatok \u00e9s diz\u00e1jnok, amelyek \u00fcnneplik az egy\u00e9nis\u00e9get.<\/li>\n<\/ul>\n<p>A Shein elk\u00f6telezett amellett, hogy olyan divatot alkosson, amely mindenkit befogad. Ruh\u00e1ik visel\u00e9se egy m\u00f3dja annak, hogy kifejezd, ki vagy. Mindenki j\u00f3l \u00e9rezheti mag\u00e1t benn\u00fck, \u00e9s szabadon ragyoghat.<\/p>\n<h2>A Shein \u00e9s a divatipar j\u00f6v\u0151je<\/h2>\n<p>A Shein azzal a kih\u00edv\u00e1ssal n\u00e9z szembe, hogy igazodjon a k\u00f6vetel\u00e9sekhez <b>fenntarthat\u00f3s\u00e1g<\/b> A divatban a fogyaszt\u00f3k ma m\u00e1r jobban \u00e9rt\u00e9kelik a felel\u0151ss\u00e9gteljes gyakorlatokat. Ez a hozz\u00e1\u00e1ll\u00e1s v\u00e1ltoz\u00e1s\u00e1t mutatja... <b>fenntarthat\u00f3s\u00e1g<\/b>.<\/p>\n<p>A versenyk\u00e9pess\u00e9g meg\u0151rz\u00e9se \u00e9rdek\u00e9ben a Shein \u00faj alternat\u00edv\u00e1kat keres:<\/p>\n<ul>\n<li>K\u00f6rnyezetbar\u00e1t anyagok, amelyek cs\u00f6kkentik a k\u00f6rnyezetre gyakorolt k\u00e1ros hat\u00e1st.<\/li>\n<li>Fokozott \u00e1tl\u00e1that\u00f3s\u00e1g a term\u00e9keik el\u0151\u00e1ll\u00edt\u00e1s\u00e1nak m\u00f3dj\u00e1ban.<\/li>\n<li>Projektek a ruh\u00e1k \u00fajrahasznos\u00edt\u00e1s\u00e1ra \u00e9s \u00fajrafelhaszn\u00e1l\u00e1s\u00e1ra.<\/li>\n<\/ul>\n<p>A verseny k\u00f6z\u00e9ppontj\u00e1ban a k\u00f6vetkez\u0151k \u00e1llnak: <b>fenntarthat\u00f3s\u00e1g<\/b>, A Sheinnek egyens\u00falyra van sz\u00fcks\u00e9ge. \u00d6sszhangba kell hoznia a n\u00f6veked\u00e9st \u00e9s a t\u00e1rsadalmi felel\u0151ss\u00e9gv\u00e1llal\u00e1st. A fenntarthat\u00f3s\u00e1g teljes k\u00f6r\u0171 elfogad\u00e1sa kiemelheti a Sheint a t\u00f6bbi k\u00f6z\u00fcl a j\u00f6v\u0151ben.<\/p>\n<h2>K\u00f6vetkeztet\u00e9s<\/h2>\n<p>A Shein gyorsan emelkedett, bemutatva a fast fashion vil\u00e1g\u00e1ban rejl\u0151 kih\u00edv\u00e1sokat \u00e9s lehet\u0151s\u00e9geket. A technol\u00f3gi\u00e1nak \u00e9s az adatelemz\u00e9snek k\u00f6sz\u00f6nhet\u0151en a v\u00e1llalat forradalmas\u00edtotta a megfizethet\u0151 \u00e9s v\u00e1ltozatos ruh\u00e1zati cikkekhez val\u00f3 hozz\u00e1f\u00e9r\u00e9st. Ez a v\u00e1ltoz\u00e1s tette a Sheint sikert\u00f6rt\u00e9nett\u00e9, sz\u00e1mos v\u00e1s\u00e1rl\u00f3t vonzva.<\/p>\n<p>Azonban nem feledkezhet\u00fcnk meg a Shein n\u00f6veked\u00e9s\u00e9vel felmer\u00fclt etikai \u00e9s \u00f6kol\u00f3giai k\u00e9rd\u00e9sekr\u0151l sem. A v\u00e1s\u00e1rl\u00f3k nagyobb felel\u0151ss\u00e9gv\u00e1llal\u00e1st \u00e9s fenntarthat\u00f3s\u00e1got akarnak. A Shein most azzal a kih\u00edv\u00e1ssal n\u00e9z szembe, hogy egyens\u00falyt teremtsen az alacsony \u00e1rak \u00e9s a bolyg\u00f3nk ir\u00e1nti t\u00f6r\u0151d\u00e9s k\u00f6z\u00f6tt.<\/p>\n<p>A Shein tov\u00e1bbi n\u00f6veked\u00e9se az innov\u00e1ci\u00f3s k\u00e9pess\u00e9g\u00e9t\u0151l \u00e9s az etikai \u00e9rt\u00e9kek tiszteletben tart\u00e1s\u00e1t\u00f3l f\u00fcgg. Lehet\u0151s\u00e9ge van arra, hogy pozit\u00edv \u00e1talakul\u00e1st vezessenek a divatban. De el kell k\u00f6telezni\u00fck magukat a fenntarthat\u00f3s\u00e1g \u00e9s a felel\u0151ss\u00e9gv\u00e1llal\u00e1s mellett. Csak \u00edgy tud kit\u0171nni a folyamatosan v\u00e1ltoz\u00f3 piacon.<\/p>\n<section class=\"schema-section\">\n<h2>GYIK<\/h2>\n<div>\n<h3>Hogyan k\u00e9pes a Shein ilyen alacsony \u00e1rakat k\u00edn\u00e1lni?<\/h3>\n<div>\n<div>\n<p>A Shein agilis ell\u00e1t\u00e1si l\u00e1nccal \u00e9s kis t\u00e9telekben t\u00f6rt\u00e9n\u0151 gy\u00e1rt\u00e1ssal tartja alacsonyan az \u00e1rait. Emellett technol\u00f3gi\u00e1t is haszn\u00e1lnak a trendek el\u0151rejelz\u00e9s\u00e9re \u00e9s a logisztika optimaliz\u00e1l\u00e1s\u00e1ra.<\/p>\n<\/div>\n<\/div>\n<\/div>\n<div>\n<h3>Milyen t\u00edpus\u00fa term\u00e9kek \u00e9rhet\u0151k el a Shein-en?<\/h3>\n<div>\n<div>\n<p>A Sheinn\u00e9l n\u0151i, f\u00e9rfi \u00e9s gyermek ruh\u00e1kat is tal\u00e1lhatsz, valamint... <b>kieg\u00e9sz\u00edt\u0151k<\/b> \u00e9s l\u00e1bbeliket. Sz\u00e9ps\u00e9g\u00e1pol\u00e1si term\u00e9keket is k\u00edn\u00e1lnak, amelyek k\u00fcl\u00f6nb\u00f6z\u0151 st\u00edlusokhoz igazodnak.<\/p>\n<\/div>\n<\/div>\n<\/div>\n<div>\n<h3>A Shein fenntarthat\u00f3 gyakorlatokat alkalmaz a ruh\u00e1zati cikkek gy\u00e1rt\u00e1sa sor\u00e1n?<\/h3>\n<div>\n<div>\n<p>A Shein elkezdte haszn\u00e1lni a k\u00f6rnyezetbar\u00e1t anyagokat, \u00e9s \u00e1tl\u00e1that\u00f3bb\u00e1 v\u00e1lik. Ennek ellen\u00e9re tov\u00e1bbra is kritik\u00e1k \u00e9rik a k\u00f6rnyezeti l\u00e1bnyom\u00e1t, \u00e9s fenntarthat\u00f3bbnak kellene lennie.<\/p>\n<\/div>\n<\/div>\n<\/div>\n<div>\n<h3>Hogyan haszn\u00e1lja a Shein a k\u00f6z\u00f6ss\u00e9gi m\u00e9di\u00e1t a fogyaszt\u00f3kkal val\u00f3 kapcsolattart\u00e1sra?<\/h3>\n<div>\n<div>\n<p>Shein akt\u00edv a TikTokon \u00e9s az Instagramon, influenszereket haszn\u00e1lva a m\u00e1rka n\u00e9pszer\u0171s\u00edt\u00e9s\u00e9re. Haul vide\u00f3kat \u00e9s st\u00edlustippeket k\u00e9sz\u00edtenek, a Z gener\u00e1ci\u00f3ra f\u00f3kusz\u00e1lva.<\/p>\n<\/div>\n<\/div>\n<\/div>\n<div>\n<h3>Milyen int\u00e9zked\u00e9seket tett a Shein a besz\u00e1ll\u00edt\u00f3i l\u00e1nc\u00e1ban alkalmazott munka\u00fcgyi gyakorlatokkal kapcsolatos visszajelz\u00e9sekre v\u00e1laszul?<\/h3>\n<div>\n<div>\n<p>A Shein igyekszik jav\u00edtani a meg\u00edt\u00e9l\u00e9s\u00e9n a munkak\u00f6r\u00fclm\u00e9nyekkel kapcsolatos kritik\u00e1kkal szemben. N\u00f6veli az \u00e1tl\u00e1that\u00f3s\u00e1got \u00e9s elk\u00f6telezett az etikus munka\u00fcgyi gyakorlatok ir\u00e1nt.<\/p>\n<\/div>\n<\/div>\n<\/div>\n<div>\n<h3>Hogyan m\u0171k\u00f6dik a Shein h\u0171s\u00e9gprogramja?<\/h3>\n<div>\n<div>\n<p>A Shein h\u0171s\u00e9gprogramja pontokat ad a v\u00e1s\u00e1rl\u00f3knak, amelyeket kedvezm\u00e9nyekre lehet bev\u00e1ltani. Ez \u00f6szt\u00f6nzi a v\u00e1s\u00e1rl\u00f3i h\u0171s\u00e9get \u00e9s elk\u00f6telez\u0151d\u00e9st.<\/p>\n<\/div>\n<\/div>\n<\/div>\n<div>\n<h3>Milyen hat\u00e1ssal van Shein a divatir\u00e1nyzatokra?<\/h3>\n<div>\n<div>\n<p>A Shein divatir\u00e1nyzat a kifut\u00f3st\u00edlusokat el\u00e9rhet\u0151bb\u00e9 tette a nyilv\u00e1noss\u00e1g sz\u00e1m\u00e1ra, megv\u00e1ltoztatva a fast fashiont. Ugyanakkor b\u00edr\u00e1latok \u00e9rt\u00e9k k\u00f6rnyezeti hat\u00e1sa \u00e9s etikai k\u00e9rd\u00e9sei miatt.<\/p>\n<\/div>\n<\/div>\n<\/div>\n<div>\n<h3>A Shein k\u00edn\u00e1l befogad\u00f3 divatterm\u00e9keket?<\/h3>\n<div>\n<div>\n<p>Igen, Shein egy\u00fcttm\u0171k\u00f6dik <b>befogad\u00f3 divat<\/b>, k\u00fcl\u00f6nf\u00e9le t\u00edpus\u00fa <b>testek<\/b>. V\u00e1ltozatoss\u00e1got k\u00edn\u00e1lnak \u00e9s k\u00fczdenek a nemi sztereot\u00edpi\u00e1k ellen.<\/p>\n<\/div>\n<\/div>\n<\/div>\n<div>\n<h3>Milyen prom\u00f3ci\u00f3kat k\u00edn\u00e1l \u00e1ltal\u00e1ban a Shein?<\/h3>\n<div>\n<div>\n<p>A Shein vill\u00e1m akci\u00f3kat tart \u00e9s kedvezm\u00e9nyeket k\u00edn\u00e1l k\u00fcl\u00f6nleges d\u00e1tumokon. Emellett olyan partners\u00e9gekkel is rendelkeznek, amelyek... <b>p\u00e9nzvisszat\u00e9r\u00edt\u00e9s<\/b> a v\u00e1s\u00e1rl\u00f3knak.<\/p>\n<\/div>\n<\/div>\n<\/div>\n<\/section>","protected":false},"excerpt":{"rendered":"<p>A Shein ganhou destaque no fast fashion mundial. Oferece moda acess\u00edvel que segue as \u00faltimas tend\u00eancias de moda. Sua meta \u00e9 tornar&#8230;<\/p>","protected":false},"author":9,"featured_media":1410,"comment_status":"open","ping_status":"open","sticky":false,"template":"","format":"standard","meta":{"_mc_post_carrossel_enabled":"","_mc_post_carrossel_paragraph":0,"_mc_post_botao_enabled":"","_mc_post_botao_variant":-1,"_mc_post_botao_paragraph":0,"_mc_post_cin_enabled":"","_mc_post_cin_text_variant":-1,"_mc_post_cin_paragraph":0,"_mc_post_avn_enabled":"","_mc_post_avn_text_variant":-1,"_mc_post_avn_paragraph":0,"_mc_post_quiz_inline_enabled":"","_mc_post_quiz_inline_paragraph":0,"_mc_post_comparador_enabled":"","_mc_post_comparador_paragraph":0,"_mc_post_card_download_enabled":"","_mc_post_card_download_paragraph":0,"footnotes":""},"categories":[23],"tags":[266,721,608,722,262,723,251,720],"class_list":["post-1409","post","type-post","status-publish","format-standard","has-post-thumbnail","hentry","category-apps","tag-compras-online","tag-dicas-de-estilo","tag-estilo-acessivel","tag-fashion-online","tag-moda-acessivel","tag-roupas-baratas","tag-shein-brasil","tag-tendencias-atuais","entry"],"_links":{"self":[{"href":"https:\/\/zattasports.com\/hu\/wp-json\/wp\/v2\/posts\/1409","targetHints":{"allow":["GET"]}}],"collection":[{"href":"https:\/\/zattasports.com\/hu\/wp-json\/wp\/v2\/posts"}],"about":[{"href":"https:\/\/zattasports.com\/hu\/wp-json\/wp\/v2\/types\/post"}],"author":[{"embeddable":true,"href":"https:\/\/zattasports.com\/hu\/wp-json\/wp\/v2\/users\/9"}],"replies":[{"embeddable":true,"href":"https:\/\/zattasports.com\/hu\/wp-json\/wp\/v2\/comments?post=1409"}],"version-history":[{"count":1,"href":"https:\/\/zattasports.com\/hu\/wp-json\/wp\/v2\/posts\/1409\/revisions"}],"predecessor-version":[{"id":1412,"href":"https:\/\/zattasports.com\/hu\/wp-json\/wp\/v2\/posts\/1409\/revisions\/1412"}],"wp:featuredmedia":[{"embeddable":true,"href":"https:\/\/zattasports.com\/hu\/wp-json\/wp\/v2\/media\/1410"}],"wp:attachment":[{"href":"https:\/\/zattasports.com\/hu\/wp-json\/wp\/v2\/media?parent=1409"}],"wp:term":[{"taxonomy":"category","embeddable":true,"href":"https:\/\/zattasports.com\/hu\/wp-json\/wp\/v2\/categories?post=1409"},{"taxonomy":"post_tag","embeddable":true,"href":"https:\/\/zattasports.com\/hu\/wp-json\/wp\/v2\/tags?post=1409"}],"curies":[{"name":"munkaf\u00fczet","href":"https:\/\/api.w.org\/{rel}","templated":true}]}}