{"id":1196,"date":"2025-07-24T02:59:25","date_gmt":"2025-07-24T05:59:25","guid":{"rendered":"https:\/\/zattasports.com\/?p=1196"},"modified":"2025-06-12T13:56:47","modified_gmt":"2025-06-12T16:56:47","slug":"moda-acessivel-com-shein-no-brasil","status":"publish","type":"post","link":"https:\/\/zattasports.com\/hu\/moda-acessivel-com-shein-no-brasil\/","title":{"rendered":"Megfizethet\u0151 divat a Sheinnel Braz\u00edli\u00e1ban"},"content":{"rendered":"<p>A <b>Shein<\/b> az egyik legnagyobb kiskeresked\u0151v\u00e9 v\u00e1lt <b>gyors divat<\/b> csom\u00f3pont <b>Braz\u00edlia.<\/b> \u0150 hozza <b>megfizethet\u0151 divat<\/b> \u00c9s tele van st\u00edlussal. A leg\u00fajabb trendeket k\u00f6vet\u0151 sz\u00e1mos lehet\u0151s\u00e9g\u00e9vel a m\u00e1rka megh\u00f3d\u00edtotta a brazil k\u00f6z\u00f6ns\u00e9get.<\/p>\n<p>A hozz\u00e1f\u00e9r\u00e9s demokratiz\u00e1l\u00e1sa <b>divat<\/b>, egy <b>Shein<\/b> megk\u00f6nny\u00edti a v\u00e1s\u00e1rl\u00e1st <b>ruh\u00e1zat<\/b> Men\u0151 \u00e9s st\u00edlusos. Ez seg\u00edt egy olyan vil\u00e1g megteremt\u00e9s\u00e9ben, ahol mindenki kifejezheti szem\u00e9lyis\u00e9g\u00e9t az \u00f6lt\u00f6zk\u00f6d\u00e9s\u00e9n kereszt\u00fcl.<\/p>\n<h2>Bevezet\u00e9s a Sheinbe \u00e9s jelenl\u00e9te Braz\u00edli\u00e1ban<\/h2>\n<p>A <b>Shein<\/b> meg\u00e9rkezett <b>Braz\u00edlia<\/b> 2022-ben. Az\u00f3ta sok rajong\u00f3t szerzett mag\u00e1nak <b>megfizethet\u0151 divat<\/b>. A m\u00e1rka rendelkezik <b>ruh\u00e1zat<\/b> minden alkalomra, bemutatva a leg\u00fajabb trendeket \u00e9s st\u00edlusokat <b>Braz\u00edlia.<\/b><\/p>\n<p>A brazilok online v\u00e1s\u00e1rolhatnak a Sheinn\u00e9l. A weboldal k\u00f6nnyen haszn\u00e1lhat\u00f3, \u00e9s mindig vannak \u00faj term\u00e9kek. A Shein a k\u00f6z\u00f6ss\u00e9gi m\u00e9di\u00e1t haszn\u00e1lja a v\u00e1s\u00e1rl\u00f3k sz\u00e1m\u00e1nak n\u00f6vel\u00e9s\u00e9re. Influencerekkel m\u0171k\u00f6dnek egy\u00fctt term\u00e9keik bemutat\u00e1sa \u00e9rdek\u00e9ben. <b>ruh\u00e1zat<\/b>.<\/p>\n<p><img loading=\"lazy\" decoding=\"async\" src=\"https:\/\/zattasports.com\/wp-content\/uploads\/2025\/07\/presenca-da-Shein-no-Brasil-1024x585.jpeg\" alt=\"presen\u00e7a da Shein no Brasil\" title=\"Shein jelenl\u00e9te Braz\u00edli\u00e1ban\" width=\"750\" height=\"428\" class=\"aligncenter size-large wp-image-1198\" srcset=\"https:\/\/zattasports.com\/wp-content\/uploads\/2025\/07\/presenca-da-Shein-no-Brasil-1024x585.jpeg 1024w, https:\/\/zattasports.com\/wp-content\/uploads\/2025\/07\/presenca-da-Shein-no-Brasil-300x171.jpeg 300w, https:\/\/zattasports.com\/wp-content\/uploads\/2025\/07\/presenca-da-Shein-no-Brasil-768x439.jpeg 768w, https:\/\/zattasports.com\/wp-content\/uploads\/2025\/07\/presenca-da-Shein-no-Brasil.jpeg 1344w\" sizes=\"auto, (max-width: 750px) 100vw, 750px\" \/><\/p>\n<h2>Shein n\u00f6veked\u00e9se a brazil piacon.<\/h2>\n<p>Ami\u00f3ta meg\u00e9rkezett <b>Braz\u00edlia<\/b>, Shein megmutatta <strong>n\u00f6veked\u00e9s<\/strong> kifejez\u0151 <strong>piac<\/strong> a <b>divat<\/b>. T\u00f6bb mint 1,4 billi\u00f3 doll\u00e1rt keresett <strong>\u00e9rt\u00e9kes\u00edt\u00e9s<\/strong>. Ez a ter\u00fclet egyik vezet\u0151j\u00e9v\u00e9 teszi \u0151t. <b>piac.<\/b> A Shein alkalmaz\u00e1s a legt\u00f6bbet let\u00f6lt\u00f6tt a kateg\u00f3ri\u00e1ban <b>divat<\/b> csom\u00f3pont <b>Braz\u00edlia<\/b>, 23,8 milli\u00f3 let\u00f6lt\u00e9ssel.<\/p>\n<p>A Sheinb\u0151l sz\u00e1rmaz\u00f3 Felipe Feistler a k\u00f6vetkez\u0151k fontoss\u00e1g\u00e1r\u00f3l besz\u00e9l: <strong>piac<\/strong> Brazil. Braz\u00edli\u00e1ban 215 milli\u00f3 ember \u00e9l, ami egy nagy \u00e9s soksz\u00edn\u0171 k\u00f6z\u00f6ns\u00e9get jelent. Ez seg\u00edt abban, hogy <strong>n\u00f6veked\u00e9s<\/strong> a m\u00e1rka. Shein azt akarja, hogy a <b>megfizethet\u0151 divat<\/b> Mindenkinek. Ez sz\u00e1mos divatra v\u00e1gy\u00f3 fogyaszt\u00f3t vonz Braz\u00edli\u00e1ban. <b>hozz\u00e1f\u00e9rhet\u0151<\/b> \u00e9s a <b>min\u0151s\u00e9g<\/b>.<\/p>\n<h2>A divat hozz\u00e1f\u00e9rhet\u0151s\u00e9ge \u00e9s demokratiz\u00e1l\u00e1sa a Shein seg\u00edts\u00e9g\u00e9vel.<\/h2>\n<p>A Shein megv\u00e1ltoztatja a l\u00e1t\u00e1sm\u00f3dunkat. <strong>divat<\/strong> e <strong>megk\u00f6zel\u00edthet\u0151s\u00e9g<\/strong> csom\u00f3pont <b>Braz\u00edlia.<\/b> Vannak term\u00e9kek R$ 14,90 \u00e9s R$ 166,00 k\u00f6z\u00f6tti \u00e1ron. Ez lehet\u0151v\u00e9 teszi, hogy t\u00f6bb ember v\u00e1s\u00e1roljon divatos ruh\u00e1kat.<\/p>\n<p>Emellett pop-up \u00fczleteket is l\u00e9trehoztak a jobb v\u00e1s\u00e1rl\u00e1si \u00e9lm\u00e9ny \u00e9rdek\u00e9ben. Ezekben az \u00fczletekben megtekintheti \u00e9s felpr\u00f3b\u00e1lhatja a ruh\u00e1kat v\u00e1s\u00e1rl\u00e1s el\u0151tt. Ez is mutatja az er\u0151fesz\u00edt\u00e9st, hogy a <strong>divat<\/strong> t\u00f6bb <b>hozz\u00e1f\u00e9rhet\u0151<\/b> \u00e9s sz\u00f3rakoztat\u00f3 felfedezni.<\/p>\n<h2>A Shein ruh\u00e1zat min\u0151s\u00e9ge \u00e9s v\u00e1laszt\u00e9ka<\/h2>\n<p>Shein nagyszer\u0171s\u00e9g\u00e9r\u0151l ismert <strong>fajta<\/strong> a <strong>ruh\u00e1zat<\/strong> hogy van neki. Nagyon tetszik neki. <strong>Z gener\u00e1ci\u00f3<\/strong>. Mindig figyeli a divatot, ez\u00e9rt ruh\u00e1i modernek \u00e9s st\u00edlusosak. <strong>min\u0151s\u00e9g<\/strong>.<\/p>\n<h3>\u201cInstagramozhat\u00f3\u201d darabok \u00e9s azok vonzereje a Z gener\u00e1ci\u00f3 sz\u00e1m\u00e1ra.<\/h3>\n<p>Shein term\u00e9kei t\u00f6k\u00e9letesek az Instagramra val\u00f3 posztol\u00e1shoz. Ez az\u00e9rt van, mert nagyon vonz\u00f3 a megjelen\u00e9s\u00fck. <strong>Z gener\u00e1ci\u00f3<\/strong> Im\u00e1dja ezt, mert meg akarja mutatni a saj\u00e1t st\u00edlus\u00e1t. A Shein pedig olyan diz\u00e1jnokat k\u00edn\u00e1l, amelyek igaz\u00e1n kiemelnek valakit.<\/p>\n<h3>A platformon el\u00e9rhet\u0151 aktu\u00e1lis st\u00edlusok \u00e9s trendek<\/h3>\n<p>A Shein egy fejlett rendszert haszn\u00e1l az \u00faj term\u00e9kek folyamatos bevezet\u00e9s\u00e9hez. Ez lehet\u0151v\u00e9 teszi sz\u00e1mukra, hogy l\u00e9p\u00e9st tartsanak a leg\u00fajabb trendekkel. <strong>tendenci\u00e1k<\/strong>. A mindennapi ruh\u00e1kt\u00f3l a sikkesebb megjelen\u00e9sekig, mindig tal\u00e1lsz valamit, ami illik a st\u00edlusodhoz. <strong>fajta<\/strong> Hatalmas, \u00edgy mindig lehet benne valami \u00fajat felfedezni.<\/p>\n<h2>Shein terjeszked\u00e9si strat\u00e9gi\u00e1i Braz\u00edli\u00e1ban<\/h2>\n<p>A Shein jelent\u0151s n\u00f6veked\u00e9st mutat Braz\u00edli\u00e1ban. Nemcsak \u00faj \u00fczleteket nyitnak, hanem a digit\u00e1lis vil\u00e1gba is befektetnek. Ennek r\u00e9sze a kisz\u00e1ll\u00edt\u00e1si m\u00f3dszerek \u00e9s a k\u00e9szletgazd\u00e1lkod\u00e1s fejleszt\u00e9se.<\/p>\n<p>A v\u00e1llalat megjegyezte, hogy az online \u00e9rt\u00e9kes\u00edt\u00e9s rendk\u00edv\u00fcl fontos. V\u00e9g\u00fcl is braz\u00edliai elad\u00e1sainak 601%-a az internetr\u0151l sz\u00e1rmazik. Ez sz\u00e1mos m\u00e1s m\u00e1rk\u00e1val szemben el\u0151nyt jelent sz\u00e1mukra. A k\u00f6vetkez\u0151 l\u00e9p\u00e9s a helyi elad\u00f3kkal val\u00f3 fokozott egy\u00fcttm\u0171k\u00f6d\u00e9s. Ez diverzifik\u00e1lja a term\u00e9keket a brazilok sz\u00e1m\u00e1ra \u00e9s felgyors\u00edtja a n\u00f6veked\u00e9st. <b>n\u00f6veked\u00e9s<\/b> a <b>Shein.<\/b><\/p>\n<h2>Shein Pop-Up Store: fizikai \u00e9lm\u00e9ny<\/h2>\n<p>Shein megnyitotta els\u0151 <b>ideiglenes \u00fczlet<\/b> ban <b>S\u00e3o Paulo.<\/b> Ez <strong>fizikai \u00e9lm\u00e9ny<\/strong> Lehet\u0151s\u00e9get ad a v\u00e1s\u00e1rl\u00f3knak, hogy testk\u00f6zelb\u0151l l\u00e1thass\u00e1k a term\u00e9keket. Felpr\u00f3b\u00e1lhatj\u00e1k a ruh\u00e1kat \u00e9s ellen\u0151rizhetik a... <b>min\u0151s\u00e9g<\/b>.<\/p>\n<p>Ez az \u00fczlet nemcsak a k\u00f6zvetlen kapcsolat ir\u00e1nti v\u00e1gyat el\u00e9g\u00edti ki, hanem er\u0151s\u00edti a bizalmat is... <b>Shein.<\/b> Az ideiglenes \u00fczletek modellje azt mutatja, hogy az emberek mag\u00e1val ragad\u00f3bb \u00e9lm\u00e9nyekre v\u00e1gynak.<\/p>\n<p>Az el\u0151ny\u00f6k k\u00f6z\u00e9 tartozik:<\/p>\n<ul>\n<li>Lehet\u0151s\u00e9g a ruh\u00e1k meg\u00e9rint\u00e9s\u00e9re \u00e9s felpr\u00f3b\u00e1l\u00e1s\u00e1ra v\u00e1s\u00e1rl\u00e1s el\u0151tt.<\/li>\n<li>Fokozott \u00e9rzelmi k\u00f6t\u0151d\u00e9s a fogyaszt\u00f3 \u00e9s a m\u00e1rka k\u00f6z\u00f6tt.<\/li>\n<li>Azonnali visszajelz\u00e9s a term\u00e9kekr\u0151l.<\/li>\n<\/ul>\n<p>A trend <strong>ideiglenes \u00fczlet<\/strong> Trendi. Megmutatja, hogyan lehet jobban kapcsolatba l\u00e9pni az \u00fcgyfelekkel, m\u00e9g a digit\u00e1lis korban is. Ez seg\u00edti a Sheint a n\u00f6veked\u00e9sben Latin-Amerika egyik legnagyobb divatpiac\u00e1n.<\/p>\n<h2>Shein \u00fczleti modellje \u00e9s annak fenntarthat\u00f3s\u00e1ga.<\/h2>\n<p>O <b>\u00fczleti modell<\/b> A Shein megk\u00f6zel\u00edt\u00e9se j\u00f3l \u00e1tgondolt. A fenntarthat\u00f3s\u00e1gra \u00f6sszpontos\u00edtanak az\u00e1ltal, hogy csak a legsz\u00fcks\u00e9gesebbeket gy\u00e1rtj\u00e1k. \u00cdgy cs\u00f6kkentik az anyagpazarl\u00e1st.<\/p>\n<p>A m\u00e1rka kis mennyis\u00e9gekkel teszteli darabjai elfogadotts\u00e1g\u00e1t. Ezut\u00e1n a v\u00e1s\u00e1rl\u00f3i ig\u00e9nyek alapj\u00e1n n\u00f6veli a termel\u00e9st. Ez seg\u00edt abban, hogy kevesebb term\u00e9k maradjon, \u00e9s cs\u00f6kkenjen a k\u00f6rnyezetre gyakorolt hat\u00e1s.<\/p>\n<h2>Shein \u00e9s a piac fontoss\u00e1ga Braz\u00edli\u00e1ban.<\/h2>\n<p>Shein l\u00e1tta t\u00e9ged <b>Piact\u00e9r<\/b> Jelent\u0151sen megn\u0151tt, mi\u00f3ta Braz\u00edli\u00e1ba \u00e9rkezett. T\u00f6bb mint 30 000 \u00e1russal rendelkezik. Ez teszi az orsz\u00e1g divatc\u00e9g\u00e9nek k\u00f6zponti hely\u00e9v\u00e9. Az \u00fczleti modell seg\u00edt n\u00f6velni... <b>fajta<\/b> term\u00e9kek. Ez seg\u00edti a helyi \u00e1rusokat abban is, hogy fontos szerepet j\u00e1tsszanak a soksz\u00edn\u0171s\u00e9gben <b>Piact\u00e9r<\/b>.<\/p>\n<h3>Piact\u00e9r-n\u00f6veked\u00e9s \u00e9s helyi elad\u00f3k bevon\u00e1sa.<\/h3>\n<p>A helyi elad\u00f3k jelenl\u00e9te a Sheinen kulcsfontoss\u00e1g\u00fa a nemzeti divat er\u0151s\u00edt\u00e9s\u00e9hez. \u00d6sszehozza a nagy m\u00e1rk\u00e1kat \u00e9s a kistermel\u0151ket egy helyen, \u00edgy a fogyaszt\u00f3knak sz\u00e1mos olyan lehet\u0151s\u00e9get k\u00edn\u00e1l, amelyek bemutatj\u00e1k a brazil kult\u00far\u00e1t \u00e9s st\u00edlusokat. <b>fajta<\/b> J\u00f3 azoknak, akik egyedi darabokra v\u00e1gynak, \u00e9s azoknak a v\u00e1llalkoz\u00f3knak, akik l\u00e1that\u00f3s\u00e1gra \u00e9s egy <b>piac<\/b> nagyobb.<\/p>\n<h2>Shein t\u00e1rsadalmi \u00e9s kultur\u00e1lis kezdem\u00e9nyez\u00e9sei Braz\u00edli\u00e1ban<\/h2>\n<p>A Shein nemcsak kereskedelm\u00e9vel t\u0171nik ki Braz\u00edli\u00e1ban. T\u00e1rsadalmi tev\u00e9kenys\u00e9geket is folytat, amelyek \u00e9rt\u00e9kelik az orsz\u00e1g kult\u00far\u00e1j\u00e1t. Az egyik ilyen program a... <b>Shein X<\/b>, c\u00e9lzott <b>Brazil tervez\u0151k<\/b>. A m\u00e1rka elk\u00f6telezett a divat ir\u00e1nt korrekt \u00e1ron, \u00fcnnepelve a brazil soksz\u00edn\u0171s\u00e9get \u00e9s kreativit\u00e1st.<\/p>\n<h3>Shein X program \u00e9s t\u00e1mogat\u00e1s brazil tervez\u0151knek.<\/h3>\n<p>A program <b>Shein X<\/b> M\u00e1r t\u00f6bb mint 200 brazil tervez\u0151nek seg\u00edtett a program. P\u00e9nz\u00fcgyi \u00e9s logisztikai t\u00e1mogat\u00e1st kapnak. Ez lehet\u0151v\u00e9 teszi ezeknek a m\u0171v\u00e9szeknek, hogy bemutass\u00e1k munk\u00e1ikat a vil\u00e1gnak, \u00e9s l\u00e1that\u00f3v\u00e1 v\u00e1ljanak. Alkot\u00e1saik t\u00fckr\u00f6zik a brazil kult\u00far\u00e1t, ami seg\u00edti \u0151ket a nemzetk\u00f6zi elismer\u00e9s el\u00e9r\u00e9s\u00e9ben.<\/p>\n<h3>Lehet\u0151s\u00e9gek \u00faj tehets\u00e9gek sz\u00e1m\u00e1ra a divatvil\u00e1gban.<\/h3>\n<p>Shein utat nyit <a href=\"https:\/\/zattasports.com\/hu\/revelacoes-da-nfl-novos-talentos-que-estao-fazendo-historia\/\">\u00faj tehets\u00e9gek<\/a> a divat vil\u00e1g\u00e1ban. A program <b>Shein X<\/b> Ez egy lehet\u0151s\u00e9g ezeknek a tehets\u00e9geknek a fejl\u0151d\u00e9sre \u00e9s a tanul\u00e1sra. A Shein befektet az emberekbe, befogad\u00f3bb\u00e1 \u00e9s soksz\u00edn\u0171bb\u00e9 t\u00e9ve a divatot Braz\u00edli\u00e1ban.<\/p>\n<h2>A Shein kih\u00edv\u00e1sai a brazil piacon<\/h2>\n<p>A Shein kih\u00edv\u00e1sokkal n\u00e9z szembe, ahogy Braz\u00edli\u00e1ban terjeszkedik. A v\u00e1m\u00fcgyi probl\u00e9m\u00e1k akad\u00e1lyozz\u00e1k a term\u00e9kek importj\u00e1t. Ez kihat a v\u00e1llalat versenyk\u00e9pess\u00e9g\u00e9re az orsz\u00e1gban.<\/p>\n<p>A magas ad\u00f3k Braz\u00edli\u00e1ban bonyol\u00edtj\u00e1k a helyzetet. Ezek a Shein term\u00e9keinek \u00e1r\u00e1nak emelked\u00e9s\u00e9t okozz\u00e1k. A c\u00e9g... <b>strat\u00e9gi\u00e1k<\/b> Ezen d\u00edjak hat\u00e1s\u00e1nak cs\u00f6kkent\u00e9se \u00e9rdek\u00e9ben megold\u00e1st jelenthet a helyi t\u00f6rv\u00e9nyekhez val\u00f3 alkalmazkod\u00e1s \u00e9s a partnerek felkutat\u00e1sa.<\/p>\n<p>A verseny egy \u00fajabb kih\u00edv\u00e1s. <b>piac<\/b> A brazil divat sz\u00e1mos er\u0151s m\u00e1rk\u00e1val rendelkezik. A Shein egyedi term\u00e9keket \u00e9s megfizethet\u0151 \u00e1rakat k\u00edn\u00e1l, hogy kit\u0171nj\u00f6n a t\u00f6megb\u0151l. Igyekszik meg\u00e9rteni, hogy mit akarnak a brazilok.<\/p>\n<h2>Shein \u00e9s a t\u00e1rsadalmi, valamint k\u00f6rnyezeti felel\u0151ss\u00e9gv\u00e1llal\u00e1s<\/h2>\n<p>Shein elk\u00f6telezett. <strong>er\u0151sen<\/strong> -vel <b>t\u00e1rsadalmi felel\u0151ss\u00e9gv\u00e1llal\u00e1s<\/b> \u00e9s k\u00f6rnyezetv\u00e9delmi. T\u00f6rekszik a Nemzetk\u00f6zi Munka\u00fcgyi Szervezet szabv\u00e1nyainak betart\u00e1s\u00e1ra. A v\u00e1llalat k\u00fczd a k\u00e9nyszermunka \u00e9s a t\u00e1rsadalmi probl\u00e9m\u00e1k ellen a divatiparban.<\/p>\n<p>A k\u00f6rnyezetv\u00e9delem ter\u00e9n a Shein a hullad\u00e9k cs\u00f6kkent\u00e9s\u00e9re t\u00f6rekszik. Olyan technik\u00e1kat alkalmaz, amelyek kiel\u00e9g\u00edtik az \u00fcgyfelek ig\u00e9nyeit, mik\u00f6zben minimaliz\u00e1lj\u00e1k a bolyg\u00f3ra gyakorolt k\u00e1rokat. Ez a megk\u00f6zel\u00edt\u00e9s j\u00f3l mutatja, mennyire l\u00e9tfontoss\u00e1g\u00fa napjainkban a fenntarthat\u00f3 termel\u00e9s.<\/p>\n<h2>Shein j\u00f6v\u0151beli kil\u00e1t\u00e1sai Braz\u00edli\u00e1ban<\/h2>\n<p>A Sheinnek nagy tervei vannak Braz\u00edli\u00e1val kapcsolatban, c\u00e9ljuk az e-kereskedelem \u00e9s a fizikai \u00fczletek b\u0151v\u00edt\u00e9se. T\u00f6bb elad\u00f3i lehet\u0151s\u00e9get terveznek k\u00edn\u00e1lni a platformon, ami seg\u00edteni fogja a helyi v\u00e1llalkoz\u00f3kat. Az \u00f6tlet az, hogy meger\u0151s\u00edts\u00e9k a brazil divatot, amellett, hogy vezet\u0151 szerepet t\u00f6ltsenek be... <b>piac.<\/b><\/p>\n<p>A m\u00e1rka alkalmazkodni k\u00edv\u00e1n a v\u00e1ltoz\u00f3 fogyaszt\u00f3i \u00edzl\u00e9shez. Er\u0151s\u00edteni fogja a kapcsolatait a helyi tervez\u0151kkel. Az innov\u00e1ci\u00f3 \u00e9s a c\u00e9lzott marketing kulcsfontoss\u00e1g\u00fa a sikerhez. A t\u00e1rsadalmi projektek seg\u00edtenek kapcsolatba l\u00e9pni a nyilv\u00e1noss\u00e1ggal, amely a tudatos m\u00e1rk\u00e1kat keresi.<\/p>\n<h2>K\u00f6vetkeztet\u00e9s<\/h2>\n<p>Shein nagy n\u00e9vv\u00e9 v\u00e1lt a divatvil\u00e1gban. <b>hozz\u00e1f\u00e9rhet\u0151<\/b> Braz\u00edli\u00e1ban. Sz\u00e1mos divatos ruh\u00e1zati lehet\u0151s\u00e9get k\u00edn\u00e1l alacsony \u00e1ron. Ez sok ember figyelm\u00e9t felkelti, k\u00fcl\u00f6n\u00f6sen a k\u00f6vetkez\u0151 orsz\u00e1gokb\u00f3l: <b>Z gener\u00e1ci\u00f3<\/b>. Szeretik a divatos ruh\u00e1kat, amiket meg lehet mutogatni az Instagramon.<\/p>\n<p>Kombin\u00e1l\u00e1s <b>strat\u00e9gi\u00e1k<\/b> Online \u00e9s pop-up \u00fczletein kereszt\u00fcl a Shein valami \u00fajat hozott a brazil divat vil\u00e1g\u00e1ba. Emellett a Shein X programmal m\u0171v\u00e9szeket \u00e9s felt\u00f6rekv\u0151 divattrendeket is t\u00e1mogat. Ez j\u00f3l mutatja elk\u00f6telezetts\u00e9g\u00e9t a helyi tehets\u00e9gek seg\u00edt\u00e9se \u00e9s a divat innov\u00e1ci\u00f3ja ir\u00e1nt.<\/p>\n<p>A Shein nem puszt\u00e1n ruh\u00e1kat \u00e1rul, hanem seg\u00edt abban, hogy a divat mindenki sz\u00e1m\u00e1ra el\u00e9rhet\u0151 legyen Braz\u00edli\u00e1ban. Befoly\u00e1sa a k\u00f6vetkez\u0151kre terjed ki: <b>piac<\/b> Ez megv\u00e1ltoztatja a ruhav\u00e1s\u00e1rl\u00e1si szok\u00e1sokat. Ez\u00e1ltal a divatpiac nyitottabb\u00e1 \u00e9s \u00e9l\u00e9nkebb\u00e9 v\u00e1lik.<\/p>\n<section class=\"schema-section\">\n<h2>GYIK<\/h2>\n<div>\n<h3>Mi a Shein, \u00e9s hogyan t\u0171nik ki a brazil piacon?<\/h3>\n<div>\n<div>\n<p>A Shein egy k\u00ednai divatkeresked\u0151. St\u00edlusos ruh\u00e1kat k\u00edn\u00e1l alacsony \u00e1ron. 2022 \u00f3ta gyorsan Braz\u00edlia egyik vezet\u0151 m\u00e1rk\u00e1j\u00e1v\u00e1 v\u00e1lt.<\/p>\n<\/div>\n<\/div>\n<\/div>\n<div>\n<h3>Milyen \u00e1rkateg\u00f3ri\u00e1kban kaphat\u00f3k ruh\u00e1k a Shein-en?<\/h3>\n<div>\n<div>\n<p>A Sheinn\u00e9l a ruh\u00e1zati \u00e1rak 14,90 R$ \u00e9s 166,00 R$ k\u00f6z\u00f6tt mozognak. Ez\u00e1ltal a divat sok ember sz\u00e1m\u00e1ra el\u00e9rhet\u0151.<\/p>\n<\/div>\n<\/div>\n<\/div>\n<div>\n<h3>Hogyan kommunik\u00e1l a Shein a Z gener\u00e1ci\u00f3val?<\/h3>\n<div>\n<div>\n<p>Shein h\u00f3d\u00edt <b>Z gener\u00e1ci\u00f3<\/b> \u201cInstagram-olhat\u00f3\u201d ruh\u00e1kkal. Folyamatosan k\u00f6veti a kedvenceiket, \u00e9s gyorsan dob piacra \u00faj st\u00edlusokat. Mindezt \u00fagy, hogy az \u00e1rakat alacsonyan \u00e9s kedvez\u0151en tartja. <b>min\u0151s\u00e9g<\/b>.<\/p>\n<\/div>\n<\/div>\n<\/div>\n<div>\n<h3>Mik a Shein terjeszked\u00e9si tervei Braz\u00edli\u00e1ban?<\/h3>\n<div>\n<div>\n<p>A Shein Braz\u00edli\u00e1ban szeretne n\u00f6vekedni. A tervei k\u00f6z\u00f6tt szerepel pop-up \u00fczletek nyit\u00e1sa \u00e9s az online \u00e9rt\u00e9kes\u00edt\u00e9s er\u0151s\u00edt\u00e9se. Emellett befektetnek a term\u00e9kkisz\u00e1ll\u00edt\u00e1sba is.<\/p>\n<\/div>\n<\/div>\n<\/div>\n<div>\n<h3>Hogyan m\u0171k\u00f6dik a Shein pop-up boltja?<\/h3>\n<div>\n<div>\n<p>A <b>ideiglenes \u00fczlet<\/b> A S\u00e3o Paul\u00f3-i Shein \u00e1ruh\u00e1zban a v\u00e1s\u00e1rl\u00f3k megtekinthetik \u00e9s felpr\u00f3b\u00e1lhatj\u00e1k a ruh\u00e1kat. Ez seg\u00edt bizalmat \u00e9p\u00edteni az online v\u00e1s\u00e1rl\u00e1sban.<\/p>\n<\/div>\n<\/div>\n<\/div>\n<div>\n<h3>Mi az a Shein X program?<\/h3>\n<div>\n<div>\n<p>A Shein X program seg\u00edti az \u00faj tervez\u0151ket Braz\u00edli\u00e1ban. T\u00f6bb mint 200 embernek k\u00edn\u00e1l finansz\u00edroz\u00e1st \u00e9s t\u00e1mogat\u00e1st. <b>Brazil tervez\u0151k<\/b>.<\/p>\n<\/div>\n<\/div>\n<\/div>\n<div>\n<h3>Milyen kih\u00edv\u00e1sokkal n\u00e9z szembe a Shein a brazil piacon?<\/h3>\n<div>\n<div>\n<p>A Shein kih\u00edv\u00e1sokkal n\u00e9z szembe a brazil ad\u00f3- \u00e9s importszab\u00e1lyoz\u00e1sok ter\u00e9n. De mindig keresi a megold\u00e1sokat ezekre a probl\u00e9m\u00e1kra.<\/p>\n<\/div>\n<\/div>\n<\/div>\n<div>\n<h3>Hogyan k\u00f6zel\u00edti meg Shein a t\u00e1rsadalmi \u00e9s k\u00f6rnyezeti felel\u0151ss\u00e9gv\u00e1llal\u00e1st?<\/h3>\n<div>\n<div>\n<p>A Shein igyekszik cs\u00f6kkenteni k\u00f6rnyezeti terhel\u00e9s\u00e9t. Olyan termel\u00e9si m\u00f3dszereket alkalmaz, amelyek kevesebb hullad\u00e9kot termelnek, \u00e9s betartja a nemzetk\u00f6zi munka\u00fcgyi t\u00f6rv\u00e9nyeket.<\/p>\n<\/div>\n<\/div>\n<\/div>\n<div>\n<h3>Milyen hat\u00e1ssal van a Shein piaca?<\/h3>\n<div>\n<div>\n<p>O <b>Piact\u00e9r<\/b> A Shein jelent\u0151sen megn\u0151tt, t\u00f6bb mint 30 000 elad\u00f3val rendelkezik. Ez t\u00e1mogatja az orsz\u00e1gos divatot, bele\u00e9rtve a kis helyi elad\u00f3kat is.<\/p>\n<\/div>\n<\/div>\n<\/div>\n<div>\n<h3>Mik Shein j\u00f6v\u0151beli c\u00e9ljai Braz\u00edli\u00e1ban?<\/h3>\n<div>\n<div>\n<p>Shein n\u00f6velni akarja <b>jelenl\u00e9t<\/b> Online \u00e9s fizikai \u00fczletekben is. T\u00f6bb elad\u00f3t is szeretn\u00e9nek a piacter\u00fck\u00f6n. A c\u00e9l a m\u00e1rka meger\u0151s\u00edt\u00e9se a brazil divatpiacon.<\/p>\n<\/div>\n<\/div>\n<\/div>\n<\/section>","protected":false},"excerpt":{"rendered":"<p>A Shein se tornou uma das top varejistas de fast-fashion no Brasil. Ela traz moda acess\u00edvel e cheia de estilo. Com muitas&#8230;<\/p>","protected":false},"author":9,"featured_media":1197,"comment_status":"open","ping_status":"open","sticky":false,"template":"","format":"standard","meta":{"_mc_post_carrossel_enabled":"","_mc_post_carrossel_paragraph":0,"_mc_post_botao_enabled":"","_mc_post_botao_variant":-1,"_mc_post_botao_paragraph":0,"_mc_post_cin_enabled":"","_mc_post_cin_text_variant":-1,"_mc_post_cin_paragraph":0,"_mc_post_avn_enabled":"","_mc_post_avn_text_variant":-1,"_mc_post_avn_paragraph":0,"_mc_post_quiz_inline_enabled":"","_mc_post_quiz_inline_paragraph":0,"_mc_post_comparador_enabled":"","_mc_post_comparador_paragraph":0,"_mc_post_card_download_enabled":"","_mc_post_card_download_paragraph":0,"footnotes":""},"categories":[23],"tags":[266,608,262,609,583,607,260],"class_list":["post-1196","post","type-post","status-publish","format-standard","has-post-thumbnail","hentry","category-apps","tag-compras-online","tag-estilo-acessivel","tag-moda-acessivel","tag-moda-jovem","tag-roupas-femininas","tag-shein-no-brasil","tag-tendencias-de-moda","entry"],"_links":{"self":[{"href":"https:\/\/zattasports.com\/hu\/wp-json\/wp\/v2\/posts\/1196","targetHints":{"allow":["GET"]}}],"collection":[{"href":"https:\/\/zattasports.com\/hu\/wp-json\/wp\/v2\/posts"}],"about":[{"href":"https:\/\/zattasports.com\/hu\/wp-json\/wp\/v2\/types\/post"}],"author":[{"embeddable":true,"href":"https:\/\/zattasports.com\/hu\/wp-json\/wp\/v2\/users\/9"}],"replies":[{"embeddable":true,"href":"https:\/\/zattasports.com\/hu\/wp-json\/wp\/v2\/comments?post=1196"}],"version-history":[{"count":1,"href":"https:\/\/zattasports.com\/hu\/wp-json\/wp\/v2\/posts\/1196\/revisions"}],"predecessor-version":[{"id":1199,"href":"https:\/\/zattasports.com\/hu\/wp-json\/wp\/v2\/posts\/1196\/revisions\/1199"}],"wp:featuredmedia":[{"embeddable":true,"href":"https:\/\/zattasports.com\/hu\/wp-json\/wp\/v2\/media\/1197"}],"wp:attachment":[{"href":"https:\/\/zattasports.com\/hu\/wp-json\/wp\/v2\/media?parent=1196"}],"wp:term":[{"taxonomy":"category","embeddable":true,"href":"https:\/\/zattasports.com\/hu\/wp-json\/wp\/v2\/categories?post=1196"},{"taxonomy":"post_tag","embeddable":true,"href":"https:\/\/zattasports.com\/hu\/wp-json\/wp\/v2\/tags?post=1196"}],"curies":[{"name":"munkaf\u00fczet","href":"https:\/\/api.w.org\/{rel}","templated":true}]}}