{"id":1176,"date":"2025-07-17T21:39:40","date_gmt":"2025-07-18T00:39:40","guid":{"rendered":"https:\/\/zattasports.com\/?p=1176"},"modified":"2025-06-12T13:55:34","modified_gmt":"2025-06-12T16:55:34","slug":"moda-acessivel-na-shein-brasil-tendencias-2023","status":"publish","type":"post","link":"https:\/\/zattasports.com\/hu\/moda-acessivel-na-shein-brasil-tendencias-2023\/","title":{"rendered":"Megfizethet\u0151 divat a SHEIN Braziln\u00e1l \u2013 2023-as trendek"},"content":{"rendered":"<p>A <b>Shein<\/b> Braz\u00edli\u00e1ban az\u00e9rt v\u00e1lt ismertt\u00e9, mert megfizethet\u0151 \u00e1ron k\u00edn\u00e1l divatot. Nagyon n\u00e9pszer\u0171 a fiatalok k\u00f6r\u00e9ben, akik divatosak szeretn\u00e9nek lenni an\u00e9lk\u00fcl, hogy sokat k\u00f6lten\u00e9nek. Sz\u00e1mos lehet\u0151s\u00e9ggel \u00e9s <b>alacsony \u00e1rak<\/b>, referenciak\u00e9nt szolg\u00e1lt azok sz\u00e1m\u00e1ra, akik k\u00f6vetik a 2023-as trendeket.<\/p>\n<p>A m\u00e1rka nem korl\u00e1toz\u00f3dik puszt\u00e1n ruh\u00e1zatra. <strong>Fiatalos st\u00edlus, amely nagyra \u00e9rt\u00e9keli a soksz\u00edn\u0171s\u00e9get \u00e9s az egy\u00e9nis\u00e9get.<\/strong>. Ez\u00e1ltal a divat mindenki sz\u00e1m\u00e1ra el\u00e9rhet\u0151bb \u00e9s \u00e9rdekesebb lesz.<\/p>\n<h2>A SHEIN n\u00f6veked\u00e9se a brazil piacon<\/h2>\n<p>A <b>Shein<\/b> Az elm\u00falt \u00e9vekben leny\u0171g\u00f6zte Braz\u00edli\u00e1t. A 2022-es jelent\u0151s elad\u00e1sok mutatj\u00e1k, hogy mekkora n\u00f6veked\u00e9st \u00e9rt el itt. K\u00f6zel 8 milli\u00e1rd randdal <b>sz\u00e1ml\u00e1z\u00e1s<\/b>, Jelenleg az orsz\u00e1g m\u00e1sodik legnagyobb ruh\u00e1zati kiskeresked\u0151je, a Renner ut\u00e1n a m\u00e1sodik.<\/p>\n<h3>A SHEIN elad\u00e1sainak hat\u00e1sai 2022-ben<\/h3>\n<p>A 2022-es elad\u00e1sok jelent\u0151s hat\u00e1ssal voltak a divatvil\u00e1gra. Megv\u00e1ltoztatt\u00e1k azt, ahogyan... <b>Brazil piac<\/b> M\u0171k\u00f6dik. <b>Shein<\/b> Nemcsak t\u00f6bb \u00fcgyfelet nyert meg, hanem megv\u00e1ltoztatta az \u00e1r \u00e9s a v\u00e1laszt\u00e9k tekintet\u00e9ben elv\u00e1r\u00e1saikat is.<\/p>\n<h3>A v\u00e1llalat j\u00f6v\u0151je Braz\u00edli\u00e1ban<\/h3>\n<p>Marcelo Claure vezet\u00e9s\u00e9vel Latin-Amerik\u00e1ban \u00edg\u00e9retesnek t\u0171nnek a dolgok a SHEIN sz\u00e1m\u00e1ra. Nagyok az elv\u00e1r\u00e1sok az innov\u00e1ci\u00f3 \u00e9s a terjeszked\u00e9s ter\u00e9n Braz\u00edli\u00e1ban. \u00daj term\u00e9kek \u00e9s kezdem\u00e9nyez\u00e9sek bevezet\u00e9s\u00e9t tervezik a n\u00f6veked\u00e9s \u00e9rdek\u00e9ben... <b>sz\u00e1ml\u00e1z\u00e1s<\/b> az elk\u00f6vetkez\u0151 \u00e9vekben.<\/p>\n<p><img loading=\"lazy\" decoding=\"async\" src=\"https:\/\/zattasports.com\/wp-content\/uploads\/2025\/07\/crescimento-da-SHEIN-1024x585.jpeg\" alt=\"crescimento da SHEIN\" title=\"A SHEIN n\u00f6veked\u00e9se\" width=\"750\" height=\"428\" class=\"aligncenter size-large wp-image-1178\" srcset=\"https:\/\/zattasports.com\/wp-content\/uploads\/2025\/07\/crescimento-da-SHEIN-1024x585.jpeg 1024w, https:\/\/zattasports.com\/wp-content\/uploads\/2025\/07\/crescimento-da-SHEIN-300x171.jpeg 300w, https:\/\/zattasports.com\/wp-content\/uploads\/2025\/07\/crescimento-da-SHEIN-768x439.jpeg 768w, https:\/\/zattasports.com\/wp-content\/uploads\/2025\/07\/crescimento-da-SHEIN.jpeg 1344w\" sizes=\"auto, (max-width: 750px) 100vw, 750px\" \/><\/p>\n<h2>Divattrendek 2023-ra<\/h2>\n<p>2023-ban a divat olyan v\u00e1ltozatos st\u00edlusokat mutat be, amelyek t\u00fckr\u00f6zik gazdag kultur\u00e1lis soksz\u00edn\u0171s\u00e9g\u00fcnket. Az emberek preferenci\u00e1i v\u00e1ltoznak, a v\u00e1ltoz\u00f3 t\u00e1rsadalmi kontextusok hat\u00e1s\u00e1ra. A SHEIN meg\u00e9rti ezt, \u00e9s olyan term\u00e9keket k\u00edn\u00e1l, amelyek megfelelnek ezeknek az \u00faj ig\u00e9nyeknek. Ezek a trendek gyakran a k\u00f6z\u00f6ss\u00e9gi m\u00e9di\u00e1n kereszt\u00fcl jutnak el hozz\u00e1nk.<\/p>\n<h3>Legn\u00e9pszer\u0171bb st\u00edlusok<\/h3>\n<p>A trendi st\u00edlusok k\u00f6z\u00e9 tartoznak:<\/p>\n<ul>\n<li>T\u00falm\u00e9retezett ruh\u00e1zat, k\u00e9nyelmet \u00e9s fiatalos megjelen\u00e9st biztos\u00edt;<\/li>\n<li>Pasztellsz\u00ednek, amelyek l\u00e1gys\u00e1got \u00e9s eleganci\u00e1t sug\u00e1roznak;<\/li>\n<li>Utcai divat, amely \u00f6tv\u00f6zi a lazas\u00e1got \u00e9s a modernit\u00e1st;<\/li>\n<li>Mer\u00e9sz kieg\u00e9sz\u00edt\u0151k, amelyek kieg\u00e9sz\u00edtik az egyszer\u0171 megjelen\u00e9st, \u00e9s azonnal feldobj\u00e1k azt;<\/li>\n<\/ul>\n<h3>A k\u00f6z\u00f6ss\u00e9gi m\u00e9dia hat\u00e1sa<\/h3>\n<p>Az Instagram \u00e9s a TikTok megv\u00e1ltoztatja a v\u00e1s\u00e1rl\u00e1si szok\u00e1sainkat \u00e9s a divatot. Olyanok, mint a kirakatok az \u00faj term\u00e9kek \u00e9s inspir\u00e1ci\u00f3 sz\u00e1m\u00e1ra. A SHEIN figyelemmel k\u00eds\u00e9ri ezeket a platformokat, hogy \u00fajdons\u00e1gokat k\u00edn\u00e1ljon. Ez seg\u00edt a m\u00e1rk\u00e1nak kapcsolatban maradni a fiatal fogyaszt\u00f3kkal.<\/p>\n<h2>SHEIN: El\u00e9rhet\u0151s\u00e9g \u00e9s alacsony \u00e1rak<\/h2>\n<p>A SHEIN arr\u00f3l ismert, hogy a k\u00f6vetkez\u0151kre \u00f6sszpontos\u00edt: <b>megk\u00f6zel\u00edthet\u0151s\u00e9g<\/b>. K\u00fcl\u00f6nb\u00f6z\u0151 st\u00edlus\u00fa term\u00e9keket k\u00edn\u00e1l megfizethet\u0151 \u00e1ron. Ez sok olyan embert vonz, akik divatosak szeretn\u00e9nek lenni an\u00e9lk\u00fcl, hogy sokat k\u00f6lten\u00e9nek. A rengeteg v\u00e1laszt\u00e9knak \u00e9s az \u00e1lland\u00f3an \u00e9rkez\u0151 \u00faj term\u00e9keknek k\u00f6sz\u00f6nhet\u0151en a SHEIN a brazilok kedvenc\u00e9v\u00e9 v\u00e1lt.<\/p>\n<h3>Term\u00e9kaj\u00e1nlat \u00e9s korrekt \u00e1r.<\/h3>\n<p>A SHEIN-n\u00e9l mindent megtal\u00e1lsz: a h\u00e9tk\u00f6znapi ruh\u00e1kt\u00f3l a sikkes darabokig. \u00c9s ami a legjobb: olyan \u00e1ron, ami belef\u00e9r a p\u00e9nzt\u00e1rc\u00e1dba. Ez bizony\u00edtja, hogy lehetsz divatos an\u00e9lk\u00fcl, hogy sok p\u00e9nzt k\u00f6lten\u00e9l. Mindig tal\u00e1lsz itt \u00faj, az \u00edzl\u00e9sednek megfelel\u0151 darabokat.<\/p>\n<h3>Ism\u00e9tl\u0151d\u0151 prom\u00f3ci\u00f3k \u00e9s kedvezm\u00e9nyek<\/h3>\n<p>A SHEIN egy m\u00e1sik er\u0151ss\u00e9ge a gyakori prom\u00f3ci\u00f3k. \u00c9vente t\u00f6bbsz\u00f6r is megrendez\u00e9sre ker\u00fclnek. A k\u00fcl\u00f6nleges aj\u00e1nlatoknak k\u00f6sz\u00f6nhet\u0151en az \u00fcgyfelek t\u00e1j\u00e9koz\u00f3dhatnak a legjobb aj\u00e1nlatokr\u00f3l. Az akci\u00f3k nyomon k\u00f6vet\u00e9se kulcsfontoss\u00e1g\u00fa a j\u00f3 \u00e9s olcs\u00f3 v\u00e1s\u00e1rl\u00e1shoz.<\/p>\n<h2>Fiatalos \u00e9s kort\u00e1rs st\u00edlus a SHEIN-n\u00e9l<\/h2>\n<p>A SHEIN gyorsan nagyon n\u00e9pszer\u0171v\u00e9 v\u00e1lt a fiatalok k\u00f6r\u00e9ben. Olyan term\u00e9keket k\u00edn\u00e1l, amelyek egy <strong>fiatalos st\u00edlus<\/strong> Igaz. A m\u00e1rka arr\u00f3l ismert, hogy \u00e9rt\u00e9keli az individualit\u00e1st \u00e9s azt, ahogyan minden ember kifejezi mag\u00e1t. Ez nagyon fontos a <strong>ifj\u00fas\u00e1gi kult\u00fara<\/strong> Ma. Kollekci\u00f3ikat ennek a lelkes k\u00f6z\u00f6ns\u00e9gnek a szem el\u0151tt tart\u00e1s\u00e1val tervezik, mindig a leg\u00fajabb trendeket k\u00f6vetve.<\/p>\n<h3>A m\u00e1rka c\u00e9lk\u00f6z\u00f6ns\u00e9ge<\/h3>\n<p>O <strong>c\u00e9lk\u00f6z\u00f6ns\u00e9g SHEINN<\/strong> Fiatalokb\u00f3l \u00e1ll, akik szeretik a divatot \u00e9s a min\u0151s\u00e9get megfizethet\u0151 \u00e1ron keresik. Kedvelik a sokoldal\u00fa \u00e9s innovat\u00edv ruh\u00e1zatot, ami a SHEIN-t nagyszer\u0171 v\u00e1laszt\u00e1ss\u00e1 teszi. A m\u00e1rka tudja, hogyan vonzza be ezeket a fogyaszt\u00f3kat olyan marketingstrat\u00e9gi\u00e1kkal, amelyek az \u0151 nyelv\u00fck\u00f6n sz\u00f3lnak.<\/p>\n<h3>Hogyan kapcsol\u00f3dik a SHEIN az ifj\u00fas\u00e1gi kult\u00far\u00e1hoz?<\/h3>\n<p>A SHEIN influenszerekkel val\u00f3 egy\u00fcttm\u0171k\u00f6d\u00e9s \u00e9s k\u00f6z\u00f6ss\u00e9gi m\u00e9di\u00e1s kamp\u00e1nyok r\u00e9v\u00e9n tartja a kapcsolatot a fiatalokkal. Ez seg\u00edti kollekci\u00f3i n\u00e9pszer\u0171s\u00edt\u00e9s\u00e9t, \u00e9s lehet\u0151v\u00e9 teszi a fogyaszt\u00f3k sz\u00e1m\u00e1ra, hogy azonosuljanak a k\u00edn\u00e1lt st\u00edlusokkal. Ez az \u00e1lland\u00f3 kapcsolat k\u00f6z\u00f6ss\u00e9get \u00e9p\u00edt a m\u00e1rka k\u00f6r\u00fcl, \u00e9s er\u0151s\u00edti a k\u00f6z\u00f6ns\u00e9ggel val\u00f3 kapcsolatot.<\/p>\n<h2>Fenntarthat\u00f3s\u00e1g \u00e9s t\u00e1rsadalmi felel\u0151ss\u00e9gv\u00e1llal\u00e1s a divatban.<\/h2>\n<p>A SHEIN a kritik\u00e1kkal szemben is igyekszik fenntarthat\u00f3bb lenni. A fogyaszt\u00f3k etikus divatir\u00e1nyzatokat szeretn\u00e9nek. Ez kulcsfontoss\u00e1g\u00fa a m\u00e1rka sz\u00e1m\u00e1ra, amely a termel\u00e9s \u00e9s a k\u00f6rnyezeti hat\u00e1sok k\u00e9rd\u00e9seivel k\u00fczd.<\/p>\n<h3>A SHEIN kezdem\u00e9nyez\u00e9sei a fenntarthat\u00f3 j\u00f6v\u0151\u00e9rt<\/h3>\n<p>A SHEIN a k\u00f6zelm\u00faltban l\u00e9p\u00e9seket tett a fenntarthat\u00f3s\u00e1gr\u00f3l alkotott k\u00e9p\u00e9nek jav\u00edt\u00e1sa \u00e9rdek\u00e9ben. A k\u00f6vetkez\u0151kre \u00f6sszpontos\u00edtott:<\/p>\n<ul>\n<li>Fenntarthat\u00f3 term\u00e9kvonalak fejleszt\u00e9se, k\u00fcl\u00f6n\u00f6s tekintettel az \u00fajrahasznos\u00edtott anyagokra;<\/li>\n<li>Partners\u00e9gek olyan szervezetekkel, amelyek etikusabb gyakorlatokra vonatkoz\u00f3 ir\u00e1nyelvek kidolgoz\u00e1s\u00e1t el\u0151mozd\u00edtj\u00e1k;<\/li>\n<li>\u00dajrahasznos\u00edt\u00e1si \u00e9s fogyaszt\u00f3i tudatoss\u00e1gi programok l\u00e9trehoz\u00e1sa.<\/li>\n<\/ul>\n<h3>A m\u00e1rk\u00e1t \u00e9r\u0151 kritik\u00e1k \u00e9s kih\u00edv\u00e1sok<\/h3>\n<p>A SHEIN megpr\u00f3b\u00e1l fenntarthat\u00f3bb\u00e1 v\u00e1lni. Ennek ellen\u00e9re m\u00e9g mindig sok kritika \u00e9ri. A legnagyobb aggodalmak a k\u00f6vetkez\u0151k:<\/p>\n<ul>\n<li>A ruh\u00e1zat t\u00faltermel\u00e9se \u00e9s selejtez\u00e9se \u00e1ltal okozott negat\u00edv k\u00f6rnyezeti hat\u00e1s;<\/li>\n<li>Munkak\u00f6r\u00fclm\u00e9nyek a gy\u00e1rakban \u00e9s az ell\u00e1t\u00e1si l\u00e1nc \u00e1tl\u00e1that\u00f3s\u00e1g\u00e1nak hi\u00e1nya;<\/li>\n<li>Kih\u00edv\u00e1sok a t\u00f6megtermel\u00e9s \u00e9s a val\u00f3di elk\u00f6telezetts\u00e9g egyens\u00falyban tart\u00e1sa ter\u00e9n... <b>t\u00e1rsadalmi felel\u0151ss\u00e9gv\u00e1llal\u00e1s<\/b>.<\/li>\n<\/ul>\n<h2>Hogyan v\u00e1s\u00e1roljunk a SHEIN-t\u0151l: Kezd\u0151knek sz\u00f3l\u00f3 \u00fatmutat\u00f3<\/h2>\n<p>Ha most kezdesz online v\u00e1s\u00e1rolni, egy SHEIN \u00fatmutat\u00f3 seg\u00edthet. Sok olcs\u00f3 term\u00e9k\u00fck van. Az oldaluk navig\u00e1l\u00e1s\u00e1nak ismerete mindent megv\u00e1ltoztat. \u00cdme n\u00e9h\u00e1ny tipp a v\u00e1s\u00e1rl\u00e1si \u00e9lm\u00e9ny jav\u00edt\u00e1s\u00e1hoz.<\/p>\n<h3>Tippek a j\u00f3 aj\u00e1nlatok megtal\u00e1l\u00e1s\u00e1hoz<\/h3>\n<p>L\u00e9tfontoss\u00e1g\u00fa, hogy figyelemmel k\u00eds\u00e9rd a SHEIN prom\u00f3ci\u00f3it, hogy p\u00e9nzt takar\u00edts meg. \u00cdme n\u00e9h\u00e1ny tipp:<\/p>\n<ul>\n<li>Iratkozzon fel h\u00edrlevel\u00fcnkre, hogy \u00e9rtes\u00edt\u00e9seket kapjon exkluz\u00edv prom\u00f3ci\u00f3inkr\u00f3l.<\/li>\n<li>Haszn\u00e1lja a keres\u00e9si sz\u0171r\u0151ket a jelent\u0151s kedvezm\u00e9nyekkel rendelkez\u0151 term\u00e9kek megtal\u00e1l\u00e1s\u00e1hoz.<\/li>\n<li>L\u00e1togass el rendszeresen az \u201cAkci\u00f3k\u201d r\u00e9szlegre, hogy ne maradj le a legjobb aj\u00e1nlatokr\u00f3l.<\/li>\n<\/ul>\n<h3>Szezon\u00e1lis aj\u00e1nlatok \u00e9s n\u00e9pszer\u0171 term\u00e9kek<\/h3>\n<p>A SHEIN az \u00e9v bizonyos id\u0151szakaiban k\u00fcl\u00f6nleges prom\u00f3ci\u00f3kat k\u00edn\u00e1l. Figyeld a Black Friday \u00e9s az \u00faj szezon le\u00e1raz\u00e1sait. Ha tudod, mely term\u00e9kek ir\u00e1nt van a legnagyobb kereslet, az seg\u00edt j\u00f3 d\u00f6nt\u00e9seket hozni. \u00cdgy p\u00e9nzt takar\u00edthatsz meg, \u00e9s azt v\u00e1s\u00e1rolhatod, ami trendi.<\/p>\n<h2>Fogyaszt\u00f3i v\u00e9lem\u00e9ny a SHEIN-r\u0151l<\/h2>\n<p>A v\u00e1s\u00e1rl\u00f3knak vegyesek a v\u00e9lem\u00e9ny\u00fck a SHEIN-r\u0151l. Tetszik nekik a <b>alacsony \u00e1rak<\/b> \u00e9s a term\u00e9kek sokf\u00e9les\u00e9g\u00e9t. M\u00e1sr\u00e9szt kritik\u00e1k \u00e9rik a term\u00e9kek min\u0151s\u00e9g\u00e9t \u00e9s sz\u00e1ll\u00edt\u00e1s\u00e1t. Ezek a v\u00e9lem\u00e9nyek befoly\u00e1solj\u00e1k, hogy m\u00e1sok hogyan l\u00e1tj\u00e1k a m\u00e1rk\u00e1t.<\/p>\n<h3>V\u00e1s\u00e1rl\u00f3i v\u00e1s\u00e1rl\u00e1si \u00e9lm\u00e9nyek<\/h3>\n<p>\u00cdme, ami fontos a SHEIN v\u00e1s\u00e1rl\u00f3i sz\u00e1m\u00e1ra:<\/p>\n<ul>\n<li>K\u00fcl\u00f6nb\u00f6z\u0151 st\u00edlusok \u00e9s m\u00e9retek.<\/li>\n<li>Vonz\u00f3 \u00e1rak \u00e9s gyakori akci\u00f3k.<\/li>\n<li>Kih\u00edv\u00e1sok a sz\u00e1ll\u00edt\u00e1si hat\u00e1rid\u0151kkel \u00e9s a rendel\u00e9sk\u00f6vet\u00e9ssel.<\/li>\n<li>Vegyes v\u00e9lem\u00e9nyek a kapott term\u00e9kek min\u0151s\u00e9g\u00e9vel kapcsolatban.<\/li>\n<\/ul>\n<h3>\u00d6sszehasonl\u00edt\u00e1s m\u00e1s megfizethet\u0151 divatm\u00e1rk\u00e1kkal<\/h3>\n<p>\u00cdgy hasonl\u00edtja mag\u00e1t a SHEIN m\u00e1s m\u00e1rk\u00e1khoz:<\/p>\n<ol>\n<li>Nagyobb v\u00e1laszt\u00e9kot k\u00edn\u00e1l, mint m\u00e1s megfizethet\u0151 m\u00e1rk\u00e1k.<\/li>\n<li>Az \u00e1rak j\u00f3k, de a hossz\u00fa t\u00e1v\u00fa min\u0151s\u00e9ggel kapcsolatban k\u00e9ts\u00e9gek mer\u00fclnek fel.<\/li>\n<li>Jobban l\u00e9p\u00e9st tart a trendekkel, mint sok m\u00e1rka.<\/li>\n<li>A v\u00e1s\u00e1rl\u00e1s ut\u00e1ni \u00e9lm\u00e9ny esetleg nem olyan j\u00f3, mint egyes versenyt\u00e1rsak\u00e9.<\/li>\n<\/ol>\n<h2>Doboz: \u00c9rdekess\u00e9gek a SHEINNEL kapcsolatban<\/h2>\n<p>A SHEIN a vil\u00e1g egyik vezet\u0151 online divatkeresked\u0151je. 2008-ban egy kis weboldalk\u00e9nt indult, a n\u0151i divatra \u00f6sszpontos\u00edtva. Ma m\u00e1r egy glob\u00e1lis \u00f3ri\u00e1s, amely n\u00e9pszer\u0171 a fiatal k\u00f6z\u00f6ns\u00e9g k\u00f6r\u00e9ben.<\/p>\n<p>Nagyon h\u00edres Latin-Amerik\u00e1ban, ahol gyorsan n\u00f6vekedett. A SHEIN kiemelkedik a digit\u00e1lis marketing sz\u00e9lesk\u00f6r\u0171 haszn\u00e1lat\u00e1r\u00f3l. Influencerekkel m\u0171k\u00f6dik egy\u00fctt, hogy el\u00e9rje azokat a fiatalokat, akik j\u00f3 \u00e9s megfizethet\u0151 divatra v\u00e1gynak.<\/p>\n<h3>A m\u00e1rka t\u00f6rt\u00e9nete<\/h3>\n<p>A m\u00e1rka a k\u00ednai Nanjingban sz\u00fcletett. Az id\u0151k sor\u00e1n jelent\u0151sen megv\u00e1ltozott, hogy jobban kiszolg\u00e1lhassa v\u00e1s\u00e1rl\u00f3it. A SHEIN mindig is t\u00f6rekedett az innov\u00e1ci\u00f3ra, \u00f6tv\u00f6zve a technol\u00f3gi\u00e1t \u00e9s a divatot. Ez tette k\u00fcl\u00f6nlegess\u00e9 a divat versenyk\u00e9pes vil\u00e1g\u00e1ban. Gyorsan piacra dob olyan term\u00e9keket, amelyek vonz\u00f3ak, mert divatosak.<\/p>\n<h3>Glob\u00e1lis terjeszked\u00e9s \u00e9s jelenl\u00e9t Latin-Amerik\u00e1ban<\/h3>\n<p>Latin-Amerik\u00e1ban a SHEIN jelent\u0151s el\u0151rel\u00e9p\u00e9st tett. Elad\u00e1sai megn\u0151ttek, \u00e9s er\u0151s online jelenl\u00e9ttel rendelkezik. Nemcsak \u00faj piacokra l\u00e9p be, hanem strat\u00e9gi\u00e1it a helyi kult\u00far\u00e1khoz is igaz\u00edtja. Olyan term\u00e9keket k\u00edn\u00e1l, amelyeket az emberek szeretnek, ez\u00e9rt v\u00e1lt a r\u00e9gi\u00f3 egyik legjobb v\u00e1laszt\u00e1s\u00e1v\u00e1 a megfizethet\u0151 divat ter\u00e9n.<\/p>\n<h2>K\u00f6vetkeztet\u00e9s<\/h2>\n<p>A SHEIN nagyon fontoss\u00e1 v\u00e1lt a megfizethet\u0151 divat vil\u00e1g\u00e1ban Braz\u00edli\u00e1ban. <strong>SHEIN \u00f6sszefoglal\u00f3<\/strong> Ez j\u00f3l mutatja, hogyan befoly\u00e1solja a m\u00e1rka a 2023-as divatir\u00e1nyzatokat. Mindig figyelemmel k\u00eds\u00e9ri, hogy mit szeretn\u00e9nek viselni az emberek, modern ruh\u00e1kat k\u00edn\u00e1lva az akt\u00edv fiataloknak.<\/p>\n<p>Manaps\u00e1g divatos a bolyg\u00f3r\u00f3l val\u00f3 gondoskod\u00e1s. A v\u00e1s\u00e1rl\u00f3k azt akarj\u00e1k, hogy a m\u00e1rk\u00e1k t\u00f6r\u0151djenek a k\u00f6rnyezettel. A SHEIN a fenntarthat\u00f3bb m\u0171k\u00f6d\u00e9sen dolgozik. Ez nagy k\u00fcl\u00f6nbs\u00e9get jelent, mert azt mutatja, hogy a m\u00e1rka t\u00f6r\u0151dik a j\u00f6v\u0151vel.<\/p>\n<p>A SHEIN nagyon j\u00f3l tudja, hogyan haszn\u00e1lja a k\u00f6z\u00f6ss\u00e9gi m\u00e9di\u00e1t ruh\u00e1zati cikkeinek \u00e9rt\u00e9kes\u00edt\u00e9s\u00e9re. Nemcsak j\u00f3 \u00e1ron k\u00edn\u00e1l term\u00e9keket, hanem kapcsolatot is teremt v\u00e1s\u00e1rl\u00f3ival. A SHEIN v\u00e1rhat\u00f3an tov\u00e1bb fog n\u00f6vekedni \u00e9s fontos szerepet fog bet\u00f6lteni a piacon. <b>megfizethet\u0151 divat<\/b>, mindig a bolyg\u00f3 j\u00f3l\u00e9t\u00e9re gondolva.<\/p>\n<section class=\"schema-section\">\n<h2>GYIK<\/h2>\n<div>\n<h3>Melyek a SHEIN-t\u0151l t\u00f6rt\u00e9n\u0151 v\u00e1s\u00e1rl\u00e1s f\u0151 el\u0151nyei?<\/h3>\n<div>\n<div>\n<p>A SHEIN-n\u00e9l t\u00f6rt\u00e9n\u0151 v\u00e1s\u00e1rl\u00e1snak sz\u00e1mos el\u0151nye van. Kiv\u00e1l\u00f3 min\u0151s\u00e9g\u0171 divatcikkeket tal\u00e1lhatsz... <b>alacsony \u00e1rak<\/b>. Tov\u00e1bb\u00e1 hozz\u00e1f\u00e9rhetsz prom\u00f3ci\u00f3khoz, amelyek lehet\u0151v\u00e9 teszik, hogy sok st\u00edlusos darabot v\u00e1s\u00e1rolj an\u00e9lk\u00fcl, hogy sokat k\u00f6lten\u00e9l.<\/p>\n<\/div>\n<\/div>\n<\/div>\n<div>\n<h3>K\u00edn\u00e1l-e fenntarthat\u00f3 ruh\u00e1zatot a SHEIN?<\/h3>\n<div>\n<div>\n<p>Igen, a SHEIN sz\u00e1mos kezdem\u00e9nyez\u00e9ssel a fenntarthat\u00f3 divatra \u00f6sszpontos\u00edt. Ennek ellen\u00e9re tov\u00e1bbra is kritik\u00e1kkal kell szemben\u00e9znie a gyakorlat\u00e1val \u00e9s k\u00f6rnyezeti hat\u00e1s\u00e1val kapcsolatban. A m\u00e1rka azon dolgozik, hogy jav\u00edtsa az im\u00e1zs\u00e1t ezen a t\u00e9ren.<\/p>\n<\/div>\n<\/div>\n<\/div>\n<div>\n<h3>Hogyan tal\u00e1lom meg a legjobb aj\u00e1nlatokat a SHEIN-en?<\/h3>\n<div>\n<div>\n<p>A j\u00f3 aj\u00e1nlatok megtal\u00e1l\u00e1s\u00e1hoz figyelje az \u00e9v sor\u00e1n zajl\u00f3 prom\u00f3ci\u00f3kat. Haszn\u00e1lja a weboldalon tal\u00e1lhat\u00f3 keres\u00e9si sz\u0171r\u0151ket a kedvezm\u00e9nyes term\u00e9kek felfedez\u00e9s\u00e9hez.<\/p>\n<\/div>\n<\/div>\n<\/div>\n<div>\n<h3>Milyen st\u00edlusok trendiek a SHEIN divatban 2023-ban?<\/h3>\n<div>\n<div>\n<p>2023-ban a SHEIN olyan st\u00edlusokat hoz, amelyek \u00f6tv\u00f6zik a glob\u00e1lis \u00e9s kultur\u00e1lis trendeket. A fiatalok \u00edzl\u00e9s\u00e9re \u00f6sszpontos\u00edtanak, modern \u00e9s divatos darabokat k\u00edn\u00e1lva.<\/p>\n<\/div>\n<\/div>\n<\/div>\n<div>\n<h3>Hogyan kapcsol\u00f3dik a SHEIN a fiatalokhoz?<\/h3>\n<div>\n<div>\n<p>A SHEIN a k\u00f6z\u00f6ss\u00e9gi m\u00e9di\u00e1n kereszt\u00fcl \u00e9ri el a fiatal k\u00f6z\u00f6ns\u00e9get. Az Instagramon \u00e9s a TikTokon influenszereket haszn\u00e1lnak, hogy kollekci\u00f3ikat sz\u00f3rakoztat\u00f3 \u00e9s lebilincsel\u0151 m\u00f3don mutass\u00e1k be.<\/p>\n<\/div>\n<\/div>\n<\/div>\n<div>\n<h3>Van \u00fatmutat\u00f3 az \u00faj v\u00e1s\u00e1rl\u00f3knak a SHEIN-n\u00e9l?<\/h3>\n<div>\n<div>\n<p>Igen, van egy egyszer\u0171 \u00fatmutat\u00f3 kezd\u0151knek. Tippeket ad a platform haszn\u00e1lat\u00e1hoz. Megmutatja a legjobb aj\u00e1nlatokat \u00e9s a legkeresettebb term\u00e9keket is.<\/p>\n<\/div>\n<\/div>\n<\/div>\n<div>\n<h3>Milyen gyakori kritik\u00e1kkal szembes\u00fcl a SHEIN?<\/h3>\n<div>\n<div>\n<p>A SHEIN-nel kapcsolatos kritik\u00e1k \u00e1ltal\u00e1ban a fenntarthat\u00f3s\u00e1gra \u00e9s a munkak\u00f6r\u00fclm\u00e9nyekre \u00f6sszpontos\u00edtanak. Emellett agg\u00e1lyokat vetnek fel a term\u00e9kmin\u0151s\u00e9ggel kapcsolatban is. A SHEIN tiszt\u00e1ban van ezekkel a probl\u00e9m\u00e1kkal, \u00e9s dolgozik a jav\u00edt\u00e1sukon.<\/p>\n<\/div>\n<\/div>\n<\/div>\n<div>\n<h3>A SHEIN j\u00f3 alternat\u00edva m\u00e1s megfizethet\u0151 divatm\u00e1rk\u00e1kkal szemben?<\/h3>\n<div>\n<div>\n<p>A SHEIN versenyk\u00e9pes \u00e1rban \u00e9s v\u00e1laszt\u00e9kban. Fontos azonban elolvasni m\u00e1s v\u00e1s\u00e1rl\u00f3k v\u00e9lem\u00e9ny\u00e9t is. Ez seg\u00edt megismerni a min\u0151s\u00e9get \u00e9s a sz\u00e1ll\u00edt\u00e1st, miel\u0151tt \u00f6sszehasonl\u00edtan\u00e1 m\u00e1s m\u00e1rk\u00e1kkal.<\/p>\n<\/div>\n<\/div>\n<\/div>\n<\/section>","protected":false},"excerpt":{"rendered":"<p>A SHEIN ganhou destaque no Brasil por oferecer moda a pre\u00e7os acess\u00edveis. \u00c9 muito procurada pelo p\u00fablico jovem que quer estar na&#8230;<\/p>","protected":false},"author":9,"featured_media":1177,"comment_status":"open","ping_status":"open","sticky":false,"template":"","format":"standard","meta":{"_mc_post_carrossel_enabled":"","_mc_post_carrossel_paragraph":0,"_mc_post_botao_enabled":"","_mc_post_botao_variant":-1,"_mc_post_botao_paragraph":0,"_mc_post_cin_enabled":"","_mc_post_cin_text_variant":-1,"_mc_post_cin_paragraph":0,"_mc_post_avn_enabled":"","_mc_post_avn_text_variant":-1,"_mc_post_avn_paragraph":0,"_mc_post_quiz_inline_enabled":"","_mc_post_quiz_inline_paragraph":0,"_mc_post_comparador_enabled":"","_mc_post_comparador_paragraph":0,"_mc_post_card_download_enabled":"","_mc_post_card_download_paragraph":0,"footnotes":""},"categories":[23],"tags":[266,596,590,594,585,251,595],"class_list":["post-1176","post","type-post","status-publish","format-standard","has-post-thumbnail","hentry","category-apps","tag-compras-online","tag-estilo-de-vida","tag-loja-de-roupas-online","tag-moda-a-precos-acessiveis","tag-moda-feminina","tag-shein-brasil","tag-tendencias-2023","entry"],"_links":{"self":[{"href":"https:\/\/zattasports.com\/hu\/wp-json\/wp\/v2\/posts\/1176","targetHints":{"allow":["GET"]}}],"collection":[{"href":"https:\/\/zattasports.com\/hu\/wp-json\/wp\/v2\/posts"}],"about":[{"href":"https:\/\/zattasports.com\/hu\/wp-json\/wp\/v2\/types\/post"}],"author":[{"embeddable":true,"href":"https:\/\/zattasports.com\/hu\/wp-json\/wp\/v2\/users\/9"}],"replies":[{"embeddable":true,"href":"https:\/\/zattasports.com\/hu\/wp-json\/wp\/v2\/comments?post=1176"}],"version-history":[{"count":1,"href":"https:\/\/zattasports.com\/hu\/wp-json\/wp\/v2\/posts\/1176\/revisions"}],"predecessor-version":[{"id":1179,"href":"https:\/\/zattasports.com\/hu\/wp-json\/wp\/v2\/posts\/1176\/revisions\/1179"}],"wp:featuredmedia":[{"embeddable":true,"href":"https:\/\/zattasports.com\/hu\/wp-json\/wp\/v2\/media\/1177"}],"wp:attachment":[{"href":"https:\/\/zattasports.com\/hu\/wp-json\/wp\/v2\/media?parent=1176"}],"wp:term":[{"taxonomy":"category","embeddable":true,"href":"https:\/\/zattasports.com\/hu\/wp-json\/wp\/v2\/categories?post=1176"},{"taxonomy":"post_tag","embeddable":true,"href":"https:\/\/zattasports.com\/hu\/wp-json\/wp\/v2\/tags?post=1176"}],"curies":[{"name":"munkaf\u00fczet","href":"https:\/\/api.w.org\/{rel}","templated":true}]}}